{"id":5214,"date":"2011-06-01T00:11:55","date_gmt":"2011-05-31T22:11:55","guid":{"rendered":"https:\/\/www.forum-soegel.de\/information\/?p=5214"},"modified":"2011-05-29T16:14:17","modified_gmt":"2011-05-29T14:14:17","slug":"generalversammlung-der-kolpingfamilie-am-13-mai","status":"publish","type":"post","link":"https:\/\/www.forum-soegel.de\/information\/2011\/06\/generalversammlung-der-kolpingfamilie-am-13-mai\/","title":{"rendered":"Generalversammlung der Kolpingfamilie am 13. Mai"},"content":{"rendered":"<p><a href=\"https:\/\/www.forum-soegel.de\/information\/wp-content\/uploads\/2011\/05\/Generalversammlung.jpg\"><img loading=\"lazy\" decoding=\"async\" class=\"size-thumbnail wp-image-5215 alignleft\" title=\"Generalversammlung\" src=\"https:\/\/www.forum-soegel.de\/information\/wp-content\/uploads\/2011\/05\/Generalversammlung-150x150.jpg\" alt=\"\" width=\"150\" height=\"150\" \/><\/a>Mit einer zufrieden stellenden Beteiligung, konnte der 1. Vorsitzende der Kolpingfamilie, Thomas G\u00e4ken, die Generalversammlung er\u00f6ffnen.<\/p>\n<p>In seinem Jahresbericht wurden noch einmal die Aktivit\u00e4ten des vergangenen Jahres erw\u00e4hnt. H\u00f6hepunkte waren der Besuch des Rathauses in S\u00f6gel mit der Besichtigung des Ratskellers. Das Vater-Kind-Zelten war besonders f\u00fcr die Kinder ein besonderes Erlebnis. Erfolgreich waren wieder die Altkleidersammlung im Oktober und die Weihnachtsbaum-Aktion im Januar. Gern erw\u00e4hnte er auch die gemeinsame Weihnachtsfeier.<\/p>\n<p>Im Kassenbericht konnte Achim Kr\u00fcger von einer guten Finanzlage berichten, beruhend auf die erfolgreichen\u00a0 vorgenannten Aktionen. Hier gilt den Vorstandsmitgliedern und den freiwilligen Helfern f\u00fcr ihren Einsatz ein besonderer Dank.<\/p>\n<p>Als neue Mitglieder konnte aufgenommen werden: Martin Brinker, Frank G\u00e4ken, Helmut Hagen, Andreas Konen, Markus Lager, Guido Schmees, Michael\u00a0 Wigbers.<\/p>\n<p>Pr\u00e4ses Pfarrer Bernhard Horstmann, dankte in seiner Begr\u00fc\u00dfung dem\u00a0 Vorstand f\u00fcr ihre Arbeit und motivierte den Vorstand und auch die Mitglieder sich weiterhin f\u00fcr die Kolpingfamilie und ihre Ziele einzusetzen.<\/p>\n<p>Pastor Horstmann nahm diese Versammlung zum Anlass, den Anwesenden die gemeinsame Fahrt der H\u00fcmmlinger Pfarreiengemeinschaft um St. Jakobus S\u00f6gel im n\u00e4chsten Jahr (24. bis 31. M\u00e4rz 2012) nach Barcelona vorzustellen. Diese Reise ist kein touristisches Ereignis der Sonderklasse, sondern ein wahres modernes Gemeinschaftserlebnis von der die Pfarrgemeinschaft und jeder Einzelne noch lange \u00fcber die Zeit der Reise hinaus positiv profitieren wird. (Flyer)<\/p>\n<p>Anschlie\u00dfend wurde ausgiebig \u00fcber m\u00f6gliche Aktionen und Veranstaltungen f\u00fcr die n\u00e4chsten Monate diskutiert und beraten. Der Vorstand wird sich jetzt um weitere Einzelheiten k\u00fcmmern.<\/p>\n<p>Text: W.Wigbers \/ VSPH<\/p>\n<p>Foto: H.Schrand \/ VSPH<\/p>\n","protected":false},"excerpt":{"rendered":"Mit einer zufrieden stellenden Beteiligung, konnte der 1. Vorsitzende der Kolpingfamilie, Thomas G\u00e4ken, die Generalversammlung er\u00f6ffnen. In seinem Jahresbericht wurden noch einmal die Aktivit\u00e4ten des vergangenen Jahres erw\u00e4hnt. H\u00f6hepunkte waren der Besuch des Rathauses in S\u00f6gel mit der Besichtigung des Ratskellers. Das Vater-Kind-Zelten war besonders f\u00fcr die Kinder ein besonderes Erlebnis. Erfolgreich waren wieder die [&hellip;]\n","protected":false},"author":2,"featured_media":0,"comment_status":"closed","ping_status":"closed","sticky":false,"template":"","format":"standard","meta":{"ngg_post_thumbnail":0,"footnotes":""},"categories":[5],"tags":[58],"class_list":["post-5214","post","type-post","status-publish","format-standard","hentry","category-was-machen-die-vereine","tag-kolpingfamilie"],"_links":{"self":[{"href":"https:\/\/www.forum-soegel.de\/information\/wp-json\/wp\/v2\/posts\/5214","targetHints":{"allow":["GET"]}}],"collection":[{"href":"https:\/\/www.forum-soegel.de\/information\/wp-json\/wp\/v2\/posts"}],"about":[{"href":"https:\/\/www.forum-soegel.de\/information\/wp-json\/wp\/v2\/types\/post"}],"author":[{"embeddable":true,"href":"https:\/\/www.forum-soegel.de\/information\/wp-json\/wp\/v2\/users\/2"}],"replies":[{"embeddable":true,"href":"https:\/\/www.forum-soegel.de\/information\/wp-json\/wp\/v2\/comments?post=5214"}],"version-history":[{"count":1,"href":"https:\/\/www.forum-soegel.de\/information\/wp-json\/wp\/v2\/posts\/5214\/revisions"}],"predecessor-version":[{"id":5216,"href":"https:\/\/www.forum-soegel.de\/information\/wp-json\/wp\/v2\/posts\/5214\/revisions\/5216"}],"wp:attachment":[{"href":"https:\/\/www.forum-soegel.de\/information\/wp-json\/wp\/v2\/media?parent=5214"}],"wp:term":[{"taxonomy":"category","embeddable":true,"href":"https:\/\/www.forum-soegel.de\/information\/wp-json\/wp\/v2\/categories?post=5214"},{"taxonomy":"post_tag","embeddable":true,"href":"https:\/\/www.forum-soegel.de\/information\/wp-json\/wp\/v2\/tags?post=5214"}],"curies":[{"name":"wp","href":"https:\/\/api.w.org\/{rel}","templated":true}]}}