{"id":5194,"date":"2011-06-01T00:46:57","date_gmt":"2011-05-31T22:46:57","guid":{"rendered":"https:\/\/www.forum-soegel.de\/information\/?p=5194"},"modified":"2011-05-29T15:48:45","modified_gmt":"2011-05-29T13:48:45","slug":"kreative-kunst-jugendwettbewerb","status":"publish","type":"post","link":"https:\/\/www.forum-soegel.de\/information\/2011\/06\/kreative-kunst-jugendwettbewerb\/","title":{"rendered":"Kreative Kunst Jugendwettbewerb"},"content":{"rendered":"<p>\u00a0<strong>1120 Bilder eingereicht<\/strong><\/p>\n<p>Gro\u00dfe Beteiligung am Jugendwettbewerb der H\u00fcmmlinger Volksbank eG, der Raiffeisenbank Emsland-Mitte eG und der Raiffeisenbank Lorup eG.<\/p>\n<p>Insgesamt 1120 Sch\u00fcler\/innen der 1. bis 10. Klasse reichten ihre phantasievollen und farbenfrohen Kunstwerke ein.<\/p>\n<p>Das Thema des 41. internationalen Jugendwettbewerbs lautete: \u201eZuhause! Zeig uns deine Welt\u201c. Die vielseitigen Bilder zeigten, dass sich jeder woanders zuhause f\u00fchlt und sich alle kreativ mit dem Thema auseinander gesetzt haben.<\/p>\n<p>Somit bietet das j\u00e4hrlich wechselnde Thema des Jugendwettbewerbs neben der k\u00fcnstlerischen und kreativen Auseinandersetzung mit dem Thema auch einen p\u00e4dagogischen Wert.<\/p>\n<p>Die Jury, bestehend aus 2 Lehrern und einem K\u00fcnstler, w\u00e4hlte die Siegerbilder aus. Die Volks- und Raiffeisenbanken luden die 32 Gewinner zu einem bunten Nachmittag in die H\u00fcmmlinger Volksbank eG nach Werlte ein.<\/p>\n<p>Die Gewinner-Malarbeiten wurden an die Jury Weser-Ems weitergeleitet, um auf Landesebene bewertet zu werden. Die Bundespreistr\u00e4ger und die Europapreistr\u00e4ger werden Ende Juni in Frankreich juriert und bekannt gegeben.<\/p>\n<p>\u00a0\u201ejugend creativ\u201c ist Teil des breit angelegten gesellschaftlichen Engagements der Volks- und Raiffeisenbanken und findet seit 41 Jahren statt. Mit \u00fcber 1,5 Millionen Teilnehmer\/innen aus 7 L\u00e4ndern Europas (Deutschland, Finnland, Frankreich, Luxemburg, \u00d6sterreich, Schweiz und S\u00fcdtirol) ist er der gr\u00f6\u00dfte seiner Art und steht im Guinessbuch der Rekorde.<\/p>\n<p>Text\/Foto: Anne H\u00fcntelmann<\/p>\n<p><a href=\"https:\/\/www.forum-soegel.de\/information\/wp-content\/uploads\/2011\/05\/Jugend-creativ1.jpg\"><img loading=\"lazy\" decoding=\"async\" class=\"alignnone size-medium wp-image-5195\" title=\"Jugend creativ1\" src=\"https:\/\/www.forum-soegel.de\/information\/wp-content\/uploads\/2011\/05\/Jugend-creativ1-300x200.jpg\" alt=\"\" width=\"300\" height=\"200\" srcset=\"https:\/\/www.forum-soegel.de\/information\/wp-content\/uploads\/2011\/05\/Jugend-creativ1-300x200.jpg 300w, https:\/\/www.forum-soegel.de\/information\/wp-content\/uploads\/2011\/05\/Jugend-creativ1.jpg 1024w\" sizes=\"auto, (max-width: 300px) 100vw, 300px\" \/><\/a><\/p>\n","protected":false},"excerpt":{"rendered":"\u00a01120 Bilder eingereicht Gro\u00dfe Beteiligung am Jugendwettbewerb der H\u00fcmmlinger Volksbank eG, der Raiffeisenbank Emsland-Mitte eG und der Raiffeisenbank Lorup eG. Insgesamt 1120 Sch\u00fcler\/innen der 1. bis 10. Klasse reichten ihre phantasievollen und farbenfrohen Kunstwerke ein. Das Thema des 41. internationalen Jugendwettbewerbs lautete: \u201eZuhause! Zeig uns deine Welt\u201c. Die vielseitigen Bilder zeigten, dass sich jeder woanders [&hellip;]\n","protected":false},"author":2,"featured_media":0,"comment_status":"closed","ping_status":"closed","sticky":false,"template":"","format":"standard","meta":{"ngg_post_thumbnail":0,"footnotes":""},"categories":[6],"tags":[],"class_list":["post-5194","post","type-post","status-publish","format-standard","hentry","category-aus-der-schule-geplaudert"],"_links":{"self":[{"href":"https:\/\/www.forum-soegel.de\/information\/wp-json\/wp\/v2\/posts\/5194","targetHints":{"allow":["GET"]}}],"collection":[{"href":"https:\/\/www.forum-soegel.de\/information\/wp-json\/wp\/v2\/posts"}],"about":[{"href":"https:\/\/www.forum-soegel.de\/information\/wp-json\/wp\/v2\/types\/post"}],"author":[{"embeddable":true,"href":"https:\/\/www.forum-soegel.de\/information\/wp-json\/wp\/v2\/users\/2"}],"replies":[{"embeddable":true,"href":"https:\/\/www.forum-soegel.de\/information\/wp-json\/wp\/v2\/comments?post=5194"}],"version-history":[{"count":1,"href":"https:\/\/www.forum-soegel.de\/information\/wp-json\/wp\/v2\/posts\/5194\/revisions"}],"predecessor-version":[{"id":5196,"href":"https:\/\/www.forum-soegel.de\/information\/wp-json\/wp\/v2\/posts\/5194\/revisions\/5196"}],"wp:attachment":[{"href":"https:\/\/www.forum-soegel.de\/information\/wp-json\/wp\/v2\/media?parent=5194"}],"wp:term":[{"taxonomy":"category","embeddable":true,"href":"https:\/\/www.forum-soegel.de\/information\/wp-json\/wp\/v2\/categories?post=5194"},{"taxonomy":"post_tag","embeddable":true,"href":"https:\/\/www.forum-soegel.de\/information\/wp-json\/wp\/v2\/tags?post=5194"}],"curies":[{"name":"wp","href":"https:\/\/api.w.org\/{rel}","templated":true}]}}