{"id":5187,"date":"2011-06-01T00:41:55","date_gmt":"2011-05-31T22:41:55","guid":{"rendered":"https:\/\/www.forum-soegel.de\/information\/?p=5187"},"modified":"2011-05-29T15:43:10","modified_gmt":"2011-05-29T13:43:10","slug":"erich-kastner-schule-sogel-%e2%80%9e-klasse-wir-singen%e2%80%9c","status":"publish","type":"post","link":"https:\/\/www.forum-soegel.de\/information\/2011\/06\/erich-kastner-schule-sogel-%e2%80%9e-klasse-wir-singen%e2%80%9c\/","title":{"rendered":"Erich K\u00e4stner-Schule S\u00f6gel \u201e Klasse wir singen\u201c"},"content":{"rendered":"<p>Die Klassen 1-4 und Klasse 6b der Erich K\u00e4stner-Schule in S\u00f6gel haben am landesweiten Projekt \u201eKlasse! Wir singen\u201c 2011 mit 44 Sch\u00fclern und Sch\u00fclerinnen teilgenommen. Das Projekt m\u00f6chte das Singen bei Sch\u00fclern der Klasse 1-7 und deren Familien f\u00f6rdern. Es war uns ein gro\u00dfes Anliegen nicht den Superstar zu suchen, sondern allen Kindern die M\u00f6glichkeit zu geben \u201eihr\u201c Konzert zu geben und f\u00fcr sich dadurch das Singen in Gemeinschaft mit Anderen zu entdecken!<\/p>\n<p>Die Teilnahme am Liederfest bedeutete, dass die Sch\u00fcler und Sch\u00fclerinnen eine CD mit allen Liedern, ein Liederbuch sowie eine nummerierte Platzkarte im Chor des Liederfestes seiner Klasse erhielten und sechs Wochen lang t\u00e4glich im Unterricht sangen. Neben einem gesponserten T-Shirt mit dem Logo der Aktion sponserte Frau Wilken f\u00fcr alle Teilnehmer Caps mit der Aufschrift: \u201eS\u00f6gel singt mit!\u201c Vielen Dank!<\/p>\n<p>Die Sch\u00fclerinnen und Sch\u00fcler hatten am Mittwoch, dem 06.04.2011 ihren gro\u00dfen Auftritt mit einer professionellen Band, vielen Licht- und Toneffekten vor einem begeisterten Publikum. Viele Eltern, Gro\u00dfeltern, Verwandte und Geschwister begleiteten die Kinder und Lehrkr\u00e4fte zum Liederfest.<\/p>\n<p><a href=\"https:\/\/www.forum-soegel.de\/information\/wp-content\/uploads\/2011\/05\/Klasse-wir-singen11.jpg\"><img loading=\"lazy\" decoding=\"async\" class=\"alignnone size-medium wp-image-5188\" title=\"Klasse wir singen1\" src=\"https:\/\/www.forum-soegel.de\/information\/wp-content\/uploads\/2011\/05\/Klasse-wir-singen11-300x225.jpg\" alt=\"\" width=\"300\" height=\"225\" srcset=\"https:\/\/www.forum-soegel.de\/information\/wp-content\/uploads\/2011\/05\/Klasse-wir-singen11-300x225.jpg 300w, https:\/\/www.forum-soegel.de\/information\/wp-content\/uploads\/2011\/05\/Klasse-wir-singen11.jpg 1024w\" sizes=\"auto, (max-width: 300px) 100vw, 300px\" \/><\/a><\/p>\n","protected":false},"excerpt":{"rendered":"Die Klassen 1-4 und Klasse 6b der Erich K\u00e4stner-Schule in S\u00f6gel haben am landesweiten Projekt \u201eKlasse! Wir singen\u201c 2011 mit 44 Sch\u00fclern und Sch\u00fclerinnen teilgenommen. Das Projekt m\u00f6chte das Singen bei Sch\u00fclern der Klasse 1-7 und deren Familien f\u00f6rdern. Es war uns ein gro\u00dfes Anliegen nicht den Superstar zu suchen, sondern allen Kindern die M\u00f6glichkeit [&hellip;]\n","protected":false},"author":2,"featured_media":0,"comment_status":"closed","ping_status":"closed","sticky":false,"template":"","format":"standard","meta":{"ngg_post_thumbnail":0,"footnotes":""},"categories":[6],"tags":[],"class_list":["post-5187","post","type-post","status-publish","format-standard","hentry","category-aus-der-schule-geplaudert"],"_links":{"self":[{"href":"https:\/\/www.forum-soegel.de\/information\/wp-json\/wp\/v2\/posts\/5187","targetHints":{"allow":["GET"]}}],"collection":[{"href":"https:\/\/www.forum-soegel.de\/information\/wp-json\/wp\/v2\/posts"}],"about":[{"href":"https:\/\/www.forum-soegel.de\/information\/wp-json\/wp\/v2\/types\/post"}],"author":[{"embeddable":true,"href":"https:\/\/www.forum-soegel.de\/information\/wp-json\/wp\/v2\/users\/2"}],"replies":[{"embeddable":true,"href":"https:\/\/www.forum-soegel.de\/information\/wp-json\/wp\/v2\/comments?post=5187"}],"version-history":[{"count":1,"href":"https:\/\/www.forum-soegel.de\/information\/wp-json\/wp\/v2\/posts\/5187\/revisions"}],"predecessor-version":[{"id":5189,"href":"https:\/\/www.forum-soegel.de\/information\/wp-json\/wp\/v2\/posts\/5187\/revisions\/5189"}],"wp:attachment":[{"href":"https:\/\/www.forum-soegel.de\/information\/wp-json\/wp\/v2\/media?parent=5187"}],"wp:term":[{"taxonomy":"category","embeddable":true,"href":"https:\/\/www.forum-soegel.de\/information\/wp-json\/wp\/v2\/categories?post=5187"},{"taxonomy":"post_tag","embeddable":true,"href":"https:\/\/www.forum-soegel.de\/information\/wp-json\/wp\/v2\/tags?post=5187"}],"curies":[{"name":"wp","href":"https:\/\/api.w.org\/{rel}","templated":true}]}}