{"id":5183,"date":"2011-06-01T00:37:40","date_gmt":"2011-05-31T22:37:40","guid":{"rendered":"https:\/\/www.forum-soegel.de\/information\/?p=5183"},"modified":"2011-05-29T15:41:47","modified_gmt":"2011-05-29T13:41:47","slug":"grundschule-spahnharrenstatte-%e2%80%9eklasse-wir-singen","status":"publish","type":"post","link":"https:\/\/www.forum-soegel.de\/information\/2011\/06\/grundschule-spahnharrenstatte-%e2%80%9eklasse-wir-singen\/","title":{"rendered":"Grundschule Spahnharrenst\u00e4tte \u201eKlasse wir singen&#8220;"},"content":{"rendered":"<p><strong>Grundschule St. Johannes beim Konzert \u201eKlasse wir singen\u201c in Lingen<\/strong><\/p>\n<p>Am 10.04.2011 machten sich alle Kinder der Grundschule St. Johannes Spahnharrenst\u00e4tte zusammen mit den Lehrerinnen und vielen Eltern auf den Weg nach Lingen, um in den Emslandhallen am Liederfest \u201eKlasse wir singen\u201c teilzunehmen.<\/p>\n<p>In der Schule waren die Kinder von den Lehrpersonen \u00fcber mehrere Wochen durch t\u00e4gliches Singen darauf vorbereitet worden.<\/p>\n<p>Der k\u00fcnstlerische Leiter und musikalischer Motor der gesamten Aktion Gerd-Peter M\u00fcnden m\u00f6chte erreichen, dass das Singen wieder einen festen Platz im Schulalltag einnimmt und Begeisterung findet. Das letztere wurde an diesem Nachmittag erreicht. Alle Kinder sangen die Lieder kr\u00e4ftig mit.<\/p>\n<p>Das war ein gelungener Nachmittag und auf der Heimfahrt klangen die Lieder noch lange nach.<\/p>\n<p>Text: A. Rohde\/Vereine-Spahnharrenst\u00e4tte<\/p>\n<p>Foto: M. Freese\/Vereine-Spahnharrenst\u00e4tte<\/p>\n<p><a href=\"https:\/\/www.forum-soegel.de\/information\/wp-content\/uploads\/2011\/05\/Klasse-wir-singen.jpg\"><img loading=\"lazy\" decoding=\"async\" class=\"alignnone size-medium wp-image-5185\" title=\"Klasse wir singen\" src=\"https:\/\/www.forum-soegel.de\/information\/wp-content\/uploads\/2011\/05\/Klasse-wir-singen-300x200.jpg\" alt=\"\" width=\"300\" height=\"200\" srcset=\"https:\/\/www.forum-soegel.de\/information\/wp-content\/uploads\/2011\/05\/Klasse-wir-singen-300x200.jpg 300w, https:\/\/www.forum-soegel.de\/information\/wp-content\/uploads\/2011\/05\/Klasse-wir-singen.jpg 800w\" sizes=\"auto, (max-width: 300px) 100vw, 300px\" \/><\/a><\/p>\n","protected":false},"excerpt":{"rendered":"Grundschule St. Johannes beim Konzert \u201eKlasse wir singen\u201c in Lingen Am 10.04.2011 machten sich alle Kinder der Grundschule St. Johannes Spahnharrenst\u00e4tte zusammen mit den Lehrerinnen und vielen Eltern auf den Weg nach Lingen, um in den Emslandhallen am Liederfest \u201eKlasse wir singen\u201c teilzunehmen. In der Schule waren die Kinder von den Lehrpersonen \u00fcber mehrere Wochen [&hellip;]\n","protected":false},"author":2,"featured_media":0,"comment_status":"closed","ping_status":"closed","sticky":false,"template":"","format":"standard","meta":{"ngg_post_thumbnail":0,"footnotes":""},"categories":[6],"tags":[697],"class_list":["post-5183","post","type-post","status-publish","format-standard","hentry","category-aus-der-schule-geplaudert","tag-singen"],"_links":{"self":[{"href":"https:\/\/www.forum-soegel.de\/information\/wp-json\/wp\/v2\/posts\/5183","targetHints":{"allow":["GET"]}}],"collection":[{"href":"https:\/\/www.forum-soegel.de\/information\/wp-json\/wp\/v2\/posts"}],"about":[{"href":"https:\/\/www.forum-soegel.de\/information\/wp-json\/wp\/v2\/types\/post"}],"author":[{"embeddable":true,"href":"https:\/\/www.forum-soegel.de\/information\/wp-json\/wp\/v2\/users\/2"}],"replies":[{"embeddable":true,"href":"https:\/\/www.forum-soegel.de\/information\/wp-json\/wp\/v2\/comments?post=5183"}],"version-history":[{"count":1,"href":"https:\/\/www.forum-soegel.de\/information\/wp-json\/wp\/v2\/posts\/5183\/revisions"}],"predecessor-version":[{"id":5186,"href":"https:\/\/www.forum-soegel.de\/information\/wp-json\/wp\/v2\/posts\/5183\/revisions\/5186"}],"wp:attachment":[{"href":"https:\/\/www.forum-soegel.de\/information\/wp-json\/wp\/v2\/media?parent=5183"}],"wp:term":[{"taxonomy":"category","embeddable":true,"href":"https:\/\/www.forum-soegel.de\/information\/wp-json\/wp\/v2\/categories?post=5183"},{"taxonomy":"post_tag","embeddable":true,"href":"https:\/\/www.forum-soegel.de\/information\/wp-json\/wp\/v2\/tags?post=5183"}],"curies":[{"name":"wp","href":"https:\/\/api.w.org\/{rel}","templated":true}]}}