{"id":5180,"date":"2011-06-01T00:35:29","date_gmt":"2011-05-31T22:35:29","guid":{"rendered":"https:\/\/www.forum-soegel.de\/information\/?p=5180"},"modified":"2011-05-29T15:37:10","modified_gmt":"2011-05-29T13:37:10","slug":"europa-ist-zukunft-matinee-mit-helmut-schmidt","status":"publish","type":"post","link":"https:\/\/www.forum-soegel.de\/information\/2011\/06\/europa-ist-zukunft-matinee-mit-helmut-schmidt\/","title":{"rendered":"&#8222;Europa ist Zukunft&#8220; &#8211; Matinee mit Helmut Schmidt"},"content":{"rendered":"<p>Im\u00a0 Jahr 2009 nahm die Bernhardschule am Geschichtswettbewerb des Bundespr\u00e4sidenten, den die K\u00f6rber-Stiftung anbietet, erfolgreich teil. Wir gewannen damals mit unserem Beitrag &#8222;S\u00f6gel &#8211; 5 Tage im April&#8220; einen Landespreis. Diese multimediale Pr\u00e4sentation ist inzwischen auch Teil der &#8222;Geschichts- und Zukunftswerkstatt&#8220; .<\/p>\n<p>Als &#8222;Dankesch\u00f6n&#8220; f\u00fcr dieses geschichtliche Engagement erhielten wir, neben vielen anderen Schulen in ganz Deutschland, nun eine Einladung zu einer Matinee mit Richard von Weizs\u00e4cker und Helmut Schmidt zum Thema &#8222;Europa ist Zukunft&#8220;. Bei der Einladung hatten die Verantwortlichen der K\u00f6rber-Stiftung \u00fcbersehen, dass die Bernhardschule eine Grundschule ist, denn es sollten Sch\u00fcler\/innen der Sekundarstufe II daran teilnehmen. Aber wir wollten uns diese einmalige Geschichtsstunde nicht entgehen lassen und fuhren nun mit 5 ehemaligen Sch\u00fclern der Bernhardschule, die jetzt das H\u00fcmmling Gymnasium besuchen, nach Hamburg ins &#8222;Deutsche Schauspielhaus&#8220;.<\/p>\n<p>Leider musste Richard von Weizs\u00e4cker krankheitsbedingt absagen. Altbundeskanzler Helmut Schmidt, inzwischen 92 Jahre alt, erz\u00e4hlte klar und kompetent von der Entwicklung der europ\u00e4ischen Idee und wagte dabei gem\u00e4\u00df des Themas \u00bbEuropa ist Zukunft\u00ab auch einen Blick in die kommenden Jahrzehnte.<\/p>\n<p>Das Gespr\u00e4ch f\u00fchrten Sandra Maischberger und sechs junge Europ\u00e4er, alles Alumni aus dem EUSTORY-Netzwerk. (N\u00e4heres : www.bernhardschule.de unter &#8222;Aktuelles&#8220;)<\/p>\n<p>F\u00fcr uns Lehrer und Sch\u00fcler\/innen war diese begeisternde Geschichtsstunde ein einmaliges und unvergessliches Ereignis.<\/p>\n<p>Text\/Foto: Bernhardschule\/Gisela Henze<\/p>\n<div id=\"attachment_5181\" style=\"width: 310px\" class=\"wp-caption alignnone\"><a href=\"https:\/\/www.forum-soegel.de\/information\/wp-content\/uploads\/2011\/05\/Europa-ist-Zukunft.jpg\"><img loading=\"lazy\" decoding=\"async\" aria-describedby=\"caption-attachment-5181\" class=\"size-medium wp-image-5181\" title=\"Europa ist Zukunft\" src=\"https:\/\/www.forum-soegel.de\/information\/wp-content\/uploads\/2011\/05\/Europa-ist-Zukunft-300x225.jpg\" alt=\"\" width=\"300\" height=\"225\" srcset=\"https:\/\/www.forum-soegel.de\/information\/wp-content\/uploads\/2011\/05\/Europa-ist-Zukunft-300x225.jpg 300w, https:\/\/www.forum-soegel.de\/information\/wp-content\/uploads\/2011\/05\/Europa-ist-Zukunft.jpg 1024w\" sizes=\"auto, (max-width: 300px) 100vw, 300px\" \/><\/a><p id=\"caption-attachment-5181\" class=\"wp-caption-text\">Ehemalige Sch\u00fcler\/innen der Bernhardschule vor dem Deutschen Schauspielhaus in Hamburg<\/p><\/div>\n","protected":false},"excerpt":{"rendered":"Im\u00a0 Jahr 2009 nahm die Bernhardschule am Geschichtswettbewerb des Bundespr\u00e4sidenten, den die K\u00f6rber-Stiftung anbietet, erfolgreich teil. Wir gewannen damals mit unserem Beitrag &#8222;S\u00f6gel &#8211; 5 Tage im April&#8220; einen Landespreis. Diese multimediale Pr\u00e4sentation ist inzwischen auch Teil der &#8222;Geschichts- und Zukunftswerkstatt&#8220; . Als &#8222;Dankesch\u00f6n&#8220; f\u00fcr dieses geschichtliche Engagement erhielten wir, neben vielen anderen Schulen in [&hellip;]\n","protected":false},"author":2,"featured_media":0,"comment_status":"closed","ping_status":"closed","sticky":false,"template":"","format":"standard","meta":{"ngg_post_thumbnail":0,"footnotes":""},"categories":[6],"tags":[],"class_list":["post-5180","post","type-post","status-publish","format-standard","hentry","category-aus-der-schule-geplaudert"],"_links":{"self":[{"href":"https:\/\/www.forum-soegel.de\/information\/wp-json\/wp\/v2\/posts\/5180","targetHints":{"allow":["GET"]}}],"collection":[{"href":"https:\/\/www.forum-soegel.de\/information\/wp-json\/wp\/v2\/posts"}],"about":[{"href":"https:\/\/www.forum-soegel.de\/information\/wp-json\/wp\/v2\/types\/post"}],"author":[{"embeddable":true,"href":"https:\/\/www.forum-soegel.de\/information\/wp-json\/wp\/v2\/users\/2"}],"replies":[{"embeddable":true,"href":"https:\/\/www.forum-soegel.de\/information\/wp-json\/wp\/v2\/comments?post=5180"}],"version-history":[{"count":1,"href":"https:\/\/www.forum-soegel.de\/information\/wp-json\/wp\/v2\/posts\/5180\/revisions"}],"predecessor-version":[{"id":5182,"href":"https:\/\/www.forum-soegel.de\/information\/wp-json\/wp\/v2\/posts\/5180\/revisions\/5182"}],"wp:attachment":[{"href":"https:\/\/www.forum-soegel.de\/information\/wp-json\/wp\/v2\/media?parent=5180"}],"wp:term":[{"taxonomy":"category","embeddable":true,"href":"https:\/\/www.forum-soegel.de\/information\/wp-json\/wp\/v2\/categories?post=5180"},{"taxonomy":"post_tag","embeddable":true,"href":"https:\/\/www.forum-soegel.de\/information\/wp-json\/wp\/v2\/tags?post=5180"}],"curies":[{"name":"wp","href":"https:\/\/api.w.org\/{rel}","templated":true}]}}