{"id":5173,"date":"2011-06-01T00:25:54","date_gmt":"2011-05-31T22:25:54","guid":{"rendered":"https:\/\/www.forum-soegel.de\/information\/?p=5173"},"modified":"2011-05-29T15:27:48","modified_gmt":"2011-05-29T13:27:48","slug":"johann-bernhard-hensen-weg-2","status":"publish","type":"post","link":"https:\/\/www.forum-soegel.de\/information\/2011\/06\/johann-bernhard-hensen-weg-2\/","title":{"rendered":"&#8222;Johann-Bernhard-Hensen-Weg&#8220;"},"content":{"rendered":"<p>Diesen Monat m\u00f6chte ich \u00fcber den Stra\u00dfennamen &#8222;Johann-Bernhard-Hensen-Weg&#8220; schreiben:<\/p>\n<p>Johann Bernhard Hensen (* 5. September 1828 in S\u00f6gel; \u2020 16. Januar 1870 in Osnabr\u00fcck) war ein regional bedeutender Architekt und Dombaumeister, der in den Dienstender Herz\u00f6ge von Arenberg stand.<\/p>\n<p>Neben diversen Profanbauten machte sich Hensen in seinem kurzen, aber sehr produktiven Leben einen Namen als Kirchenbauer in den Regionen Osnabr\u00fcck, Emsland und im Oldenburger Land. 1855 reichte er einen Plan f\u00fcr den Kirchenneubau in Wachtum bei L\u00f6ningen ein und erhielt seinen ersten Auftrag zur selbst\u00e4ndigen Errichtung einer Kirche. Die Wachtumer Kirche sollte sein einziges Werk im neuromanischen Stil bleiben; seine anderen Werke entstanden im Stil der Neugotik und waren durch den K\u00f6lner Dom sowie die Vorlieben seines F\u00f6rderers Johann Georg M\u00fcller, Bischof von M\u00fcnster, gepr\u00e4gt.<\/p>\n<p>F\u00fcr insgesamt 24 Kirchenbauten zeichnete Hensen verantwortlich: in Apeldorn, Bethen (abgerissen), Badbergen St. Marien, Dersum, Emstek, Essen (Oldenburg), Friesoythe (Turm), Harkebr\u00fcgge, Hebelermeer, Klein Ber\u00dfen, Lengerich, Lindern, Meppen (Turm), Neuenhaus, Neuscharrel, Neurhede, Osterfeine, R\u00fctenbrock, Scharrel im Saterland, S\u00f6gel, Spahnharrenst\u00e4tte, Twistringen, Wachtum bei L\u00f6ningen, Werpeloh, Weiterhin wirkte er bei der Restaurierung der Domkirche zu Osnabr\u00fcck mit.<\/p>\n<p>Hensen starb im Alter von 41 Jahren, bevor der Kirchbau in seiner Heimatgemeinde S\u00f6gel fertiggestellt werden konnte.<\/p>\n<p>Text: MH\/Quelle u.a. Meike L\u00fccken<\/p>\n","protected":false},"excerpt":{"rendered":"Diesen Monat m\u00f6chte ich \u00fcber den Stra\u00dfennamen &#8222;Johann-Bernhard-Hensen-Weg&#8220; schreiben: Johann Bernhard Hensen (* 5. September 1828 in S\u00f6gel; \u2020 16. Januar 1870 in Osnabr\u00fcck) war ein regional bedeutender Architekt und Dombaumeister, der in den Dienstender Herz\u00f6ge von Arenberg stand. Neben diversen Profanbauten machte sich Hensen in seinem kurzen, aber sehr produktiven Leben einen Namen als [&hellip;]\n","protected":false},"author":2,"featured_media":0,"comment_status":"closed","ping_status":"closed","sticky":false,"template":"","format":"standard","meta":{"ngg_post_thumbnail":0,"footnotes":""},"categories":[9],"tags":[668],"class_list":["post-5173","post","type-post","status-publish","format-standard","hentry","category-vergangenheit-und-gegenwart","tag-johann-bernhard-hensen"],"_links":{"self":[{"href":"https:\/\/www.forum-soegel.de\/information\/wp-json\/wp\/v2\/posts\/5173","targetHints":{"allow":["GET"]}}],"collection":[{"href":"https:\/\/www.forum-soegel.de\/information\/wp-json\/wp\/v2\/posts"}],"about":[{"href":"https:\/\/www.forum-soegel.de\/information\/wp-json\/wp\/v2\/types\/post"}],"author":[{"embeddable":true,"href":"https:\/\/www.forum-soegel.de\/information\/wp-json\/wp\/v2\/users\/2"}],"replies":[{"embeddable":true,"href":"https:\/\/www.forum-soegel.de\/information\/wp-json\/wp\/v2\/comments?post=5173"}],"version-history":[{"count":1,"href":"https:\/\/www.forum-soegel.de\/information\/wp-json\/wp\/v2\/posts\/5173\/revisions"}],"predecessor-version":[{"id":5174,"href":"https:\/\/www.forum-soegel.de\/information\/wp-json\/wp\/v2\/posts\/5173\/revisions\/5174"}],"wp:attachment":[{"href":"https:\/\/www.forum-soegel.de\/information\/wp-json\/wp\/v2\/media?parent=5173"}],"wp:term":[{"taxonomy":"category","embeddable":true,"href":"https:\/\/www.forum-soegel.de\/information\/wp-json\/wp\/v2\/categories?post=5173"},{"taxonomy":"post_tag","embeddable":true,"href":"https:\/\/www.forum-soegel.de\/information\/wp-json\/wp\/v2\/tags?post=5173"}],"curies":[{"name":"wp","href":"https:\/\/api.w.org\/{rel}","templated":true}]}}