{"id":5169,"date":"2011-06-01T00:21:46","date_gmt":"2011-05-31T22:21:46","guid":{"rendered":"https:\/\/www.forum-soegel.de\/information\/?p=5169"},"modified":"2011-05-29T15:25:46","modified_gmt":"2011-05-29T13:25:46","slug":"leicht-verschatzt","status":"publish","type":"post","link":"https:\/\/www.forum-soegel.de\/information\/2011\/06\/leicht-verschatzt\/","title":{"rendered":"Leicht versch\u00e4tzt"},"content":{"rendered":"<p>Als ich zum ersten Mal im Wartezimmer meines neuen Zahnarztes sa\u00df, sah ich auf einer Urkunde an der Wand seinen vollst\u00e4ndigen Namen.<\/p>\n<p>Ich erinnerte mich, dass ein schlanker, flei\u00dfiger Junge gleichen Namens vor gut 30 Jahren in meiner Klasse war.<\/p>\n<p>Doch als ich den Arzt sah, verwarf ich den Gedanken.<\/p>\n<p>Dieser glatzk\u00f6pfige, wei\u00dfb\u00e4rtige Mann mit den tiefen Falten war viel zu alt, um in meiner Klasse gewesen zu sein.<\/p>\n<p>Nachdem er meine Z\u00e4hne untersucht hatte, fragte ich ihn trotzdem, ob er das \u00f6rtliche Gymnasium besucht h\u00e4tte. \u201eja\u201c antwortete er.<\/p>\n<p>\u201eWann haben Sie Abi gemacht?\u201c \u201e1972, \u00a0&#8211; warum\u201c<\/p>\n<p>\u201eSie waren in meiner Klasse\u201c antwortete ich.<\/p>\n<p>Er betrachtete mich aufmerksam und fragte dann; Was haben Sie unterrichtet?\u201c<\/p>\n<p>Quelle: Typisch! Kleine Geschichten f\u00fcr andere Zeiten<\/p>\n<p>Verein Andere Zeiten Hamburg 2005<\/p>\n","protected":false},"excerpt":{"rendered":"Als ich zum ersten Mal im Wartezimmer meines neuen Zahnarztes sa\u00df, sah ich auf einer Urkunde an der Wand seinen vollst\u00e4ndigen Namen. Ich erinnerte mich, dass ein schlanker, flei\u00dfiger Junge gleichen Namens vor gut 30 Jahren in meiner Klasse war. Doch als ich den Arzt sah, verwarf ich den Gedanken. Dieser glatzk\u00f6pfige, wei\u00dfb\u00e4rtige Mann mit [&hellip;]\n","protected":false},"author":2,"featured_media":0,"comment_status":"closed","ping_status":"closed","sticky":false,"template":"","format":"standard","meta":{"ngg_post_thumbnail":0,"footnotes":""},"categories":[510],"tags":[],"class_list":["post-5169","post","type-post","status-publish","format-standard","hentry","category-so-ist-das-leben"],"_links":{"self":[{"href":"https:\/\/www.forum-soegel.de\/information\/wp-json\/wp\/v2\/posts\/5169","targetHints":{"allow":["GET"]}}],"collection":[{"href":"https:\/\/www.forum-soegel.de\/information\/wp-json\/wp\/v2\/posts"}],"about":[{"href":"https:\/\/www.forum-soegel.de\/information\/wp-json\/wp\/v2\/types\/post"}],"author":[{"embeddable":true,"href":"https:\/\/www.forum-soegel.de\/information\/wp-json\/wp\/v2\/users\/2"}],"replies":[{"embeddable":true,"href":"https:\/\/www.forum-soegel.de\/information\/wp-json\/wp\/v2\/comments?post=5169"}],"version-history":[{"count":3,"href":"https:\/\/www.forum-soegel.de\/information\/wp-json\/wp\/v2\/posts\/5169\/revisions"}],"predecessor-version":[{"id":5171,"href":"https:\/\/www.forum-soegel.de\/information\/wp-json\/wp\/v2\/posts\/5169\/revisions\/5171"}],"wp:attachment":[{"href":"https:\/\/www.forum-soegel.de\/information\/wp-json\/wp\/v2\/media?parent=5169"}],"wp:term":[{"taxonomy":"category","embeddable":true,"href":"https:\/\/www.forum-soegel.de\/information\/wp-json\/wp\/v2\/categories?post=5169"},{"taxonomy":"post_tag","embeddable":true,"href":"https:\/\/www.forum-soegel.de\/information\/wp-json\/wp\/v2\/tags?post=5169"}],"curies":[{"name":"wp","href":"https:\/\/api.w.org\/{rel}","templated":true}]}}