{"id":5163,"date":"2011-06-01T00:14:45","date_gmt":"2011-05-31T22:14:45","guid":{"rendered":"https:\/\/www.forum-soegel.de\/information\/?p=5163"},"modified":"2011-05-29T15:17:59","modified_gmt":"2011-05-29T13:17:59","slug":"sehen-%e2%80%93-probieren-%e2%80%93-geniesen","status":"publish","type":"post","link":"https:\/\/www.forum-soegel.de\/information\/2011\/06\/sehen-%e2%80%93-probieren-%e2%80%93-geniesen\/","title":{"rendered":"&#8222;Sehen \u2013 Probieren \u2013 Genie\u00dfen&#8220;"},"content":{"rendered":"<p>\u00dcber eine Gesch\u00e4ftser\u00f6ffnung im Zentrum von S\u00f6gel, direkt am Markplatz, k\u00f6nnen sich die Weinliebhaber und Feinschmecker k\u00fcnftig freuen.<br \/>\nMonika Neumaier-Diekmann bietet ihren Kunden gemeinsam mit ihrem Team ein breites Sortiment getreu dem \u00a0Motto\u00a0\u00a0 <em>,,Sehen-Probieren-Genie\u00dfen&#8222;.<\/em><\/p>\n<p>Die T\u00fcren ihres neuen Gesch\u00e4ftes <strong>Wein &amp; Genuss<\/strong> an der Clemens- August- Stra\u00dfe 27a \u00f6ffnet Monika Neumaier-Diekmann am Mittwoch, den 1. Juni 2011.<\/p>\n<p>Zu dem umfangreichen Sortiment geh\u00f6ren u.a. verschiedene Weine, k\u00f6stliche Essig- und \u00d6lsorten in allerlei Geschmacksrichtungen, \u00a0sowie \u00a0edle Br\u00e4nde und Lik\u00f6re, die auch aus Amphoren abgef\u00fcllt werden.<\/p>\n<p>Nat\u00fcrlich werden auch Geschenke und Pr\u00e4sentideen in gro\u00dfer Auswahl, zu jedem Anlass und in jeder Preiskategorie, angeboten.<\/p>\n<p><span style=\"text-decoration: underline;\">\u00d6ffnungszeiten :<\/span> \u00a0\u00a0\u00a0\u00a0\u00a0\u00a0\u00a0\u00a0\u00a0\u00a0\u00a0\u00a0\u00a0\u00a0\u00a0\u00a0\u00a0\u00a0\u00a0\u00a0\u00a0 Mo- Fr.:\u00a0 \u00a0\u00a0\u00a0\u00a0\u00a0\u00a0\u00a0\u00a0\u00a0 10.00 Uhr bis 12.30 Uhr und\u00a014.30 Uhr bis 18.00 Uhr\u00a0<\/p>\n<p>\u00a0\u00a0\u00a0\u00a0\u00a0\u00a0\u00a0\u00a0\u00a0\u00a0\u00a0\u00a0\u00a0\u00a0\u00a0\u00a0\u00a0\u00a0\u00a0\u00a0\u00a0\u00a0\u00a0\u00a0\u00a0\u00a0\u00a0\u00a0\u00a0\u00a0\u00a0\u00a0\u00a0\u00a0 \u00a0\u00a0\u00a0\u00a0\u00a0\u00a0\u00a0\u00a0\u00a0\u00a0\u00a0\u00a0\u00a0\u00a0\u00a0\u00a0\u00a0 Sa. :\u00a0\u00a0\u00a0\u00a0\u00a0\u00a0\u00a0\u00a0\u00a0\u00a0\u00a0\u00a0\u00a0\u00a0\u00a0\u00a0\u00a0\u00a0\u00a0\u00a0\u00a0 9.30 Uhr bis 13.00 Uhr<\/p>\n<p><a href=\"https:\/\/www.weinundgenuss-soegel.de\">www.weinundgenuss-soegel.de<\/a><\/p>\n<p><a href=\"https:\/\/www.forum-soegel.de\/information\/wp-content\/uploads\/2011\/05\/sehen-probieren-und-genie\u00dfen.jpg\"><img loading=\"lazy\" decoding=\"async\" class=\"alignnone size-medium wp-image-5164\" title=\"sehen probieren und genie\u00dfen\" src=\"https:\/\/www.forum-soegel.de\/information\/wp-content\/uploads\/2011\/05\/sehen-probieren-und-genie\u00dfen-300x225.jpg\" alt=\"\" width=\"300\" height=\"225\" srcset=\"https:\/\/www.forum-soegel.de\/information\/wp-content\/uploads\/2011\/05\/sehen-probieren-und-genie\u00dfen-300x225.jpg 300w, https:\/\/www.forum-soegel.de\/information\/wp-content\/uploads\/2011\/05\/sehen-probieren-und-genie\u00dfen.jpg 1024w\" sizes=\"auto, (max-width: 300px) 100vw, 300px\" \/><\/a><\/p>\n","protected":false},"excerpt":{"rendered":"\u00dcber eine Gesch\u00e4ftser\u00f6ffnung im Zentrum von S\u00f6gel, direkt am Markplatz, k\u00f6nnen sich die Weinliebhaber und Feinschmecker k\u00fcnftig freuen. Monika Neumaier-Diekmann bietet ihren Kunden gemeinsam mit ihrem Team ein breites Sortiment getreu dem \u00a0Motto\u00a0\u00a0 ,,Sehen-Probieren-Genie\u00dfen&#8222;. Die T\u00fcren ihres neuen Gesch\u00e4ftes Wein &amp; Genuss an der Clemens- August- Stra\u00dfe 27a \u00f6ffnet Monika Neumaier-Diekmann am Mittwoch, den 1. [&hellip;]\n","protected":false},"author":2,"featured_media":0,"comment_status":"closed","ping_status":"closed","sticky":false,"template":"","format":"standard","meta":{"ngg_post_thumbnail":0,"footnotes":""},"categories":[4],"tags":[],"class_list":["post-5163","post","type-post","status-publish","format-standard","hentry","category-aus-der-geschaftswelt"],"_links":{"self":[{"href":"https:\/\/www.forum-soegel.de\/information\/wp-json\/wp\/v2\/posts\/5163","targetHints":{"allow":["GET"]}}],"collection":[{"href":"https:\/\/www.forum-soegel.de\/information\/wp-json\/wp\/v2\/posts"}],"about":[{"href":"https:\/\/www.forum-soegel.de\/information\/wp-json\/wp\/v2\/types\/post"}],"author":[{"embeddable":true,"href":"https:\/\/www.forum-soegel.de\/information\/wp-json\/wp\/v2\/users\/2"}],"replies":[{"embeddable":true,"href":"https:\/\/www.forum-soegel.de\/information\/wp-json\/wp\/v2\/comments?post=5163"}],"version-history":[{"count":2,"href":"https:\/\/www.forum-soegel.de\/information\/wp-json\/wp\/v2\/posts\/5163\/revisions"}],"predecessor-version":[{"id":5166,"href":"https:\/\/www.forum-soegel.de\/information\/wp-json\/wp\/v2\/posts\/5163\/revisions\/5166"}],"wp:attachment":[{"href":"https:\/\/www.forum-soegel.de\/information\/wp-json\/wp\/v2\/media?parent=5163"}],"wp:term":[{"taxonomy":"category","embeddable":true,"href":"https:\/\/www.forum-soegel.de\/information\/wp-json\/wp\/v2\/categories?post=5163"},{"taxonomy":"post_tag","embeddable":true,"href":"https:\/\/www.forum-soegel.de\/information\/wp-json\/wp\/v2\/tags?post=5163"}],"curies":[{"name":"wp","href":"https:\/\/api.w.org\/{rel}","templated":true}]}}