{"id":513,"date":"2010-01-01T13:34:01","date_gmt":"2010-01-01T11:34:01","guid":{"rendered":"https:\/\/www.forum-soegel.de\/information\/?p=513"},"modified":"2010-03-10T21:46:50","modified_gmt":"2010-03-10T19:46:50","slug":"das-musste-mal-gesagt-werden","status":"publish","type":"post","link":"https:\/\/www.forum-soegel.de\/information\/2010\/01\/das-musste-mal-gesagt-werden\/","title":{"rendered":"Das musste mal gesagt werden"},"content":{"rendered":"<p>Seit Juli 2007 hat der Wertstoffhof in S\u00f6gel einen neuen \u201eBetreuer\u201c Manfred Gro\u00df hat sich zun\u00e4chst damit ausgezeichnet, dass er den Kunden au\u00dferordentlich freundlich begegnet. Neben der sachlichen Entsorgungsberatung hat er immer ein freundliches Wort und ist, ohne seinen Dienst zu vernachl\u00e4ssigen, f\u00fcr einen kurzen Plausch zu haben. Einen ganz besonderen Unterschied zu fr\u00fcheren Zeiten bildet die Sauberkeit des Wertstoffhofes nach Ende der \u00d6ffnungszeiten. Der Loruper f\u00fchlt sich wohl in S\u00f6gel und mag seine \u201eStammkunden\u201c Auf unsere Nachfrage \u00e4u\u00dferte er dann doch einen Wunsch, vielleicht k\u00f6nnten sich ja ein paar besonders \u201eEilige\u201c angew\u00f6hnen, die \u00d6ffnungszeiten, die \u00fcbrigens hier in der Brosch\u00fcre stehen, einzuhalten und ihre Entsorgungsmasse nicht vor dem Tor abladen.<\/p>\n<p>Manfred Gro\u00df und wir sagen schon mal danke.<\/p>\n<p>Text: KS<\/p>\n","protected":false},"excerpt":{"rendered":"Seit Juli 2007 hat der Wertstoffhof in S\u00f6gel einen neuen \u201eBetreuer\u201c Manfred Gro\u00df hat sich zun\u00e4chst damit ausgezeichnet, dass er den Kunden au\u00dferordentlich freundlich begegnet. Neben der sachlichen Entsorgungsberatung hat er immer ein freundliches Wort und ist, ohne seinen Dienst zu vernachl\u00e4ssigen, f\u00fcr einen kurzen Plausch zu haben. Einen ganz besonderen Unterschied zu fr\u00fcheren Zeiten [&hellip;]\n","protected":false},"author":2,"featured_media":0,"comment_status":"closed","ping_status":"closed","sticky":false,"template":"","format":"standard","meta":{"ngg_post_thumbnail":0,"footnotes":""},"categories":[27],"tags":[98],"class_list":["post-513","post","type-post","status-publish","format-standard","hentry","category-das-muss-mal-gesagt-werden","tag-wertstoffhof"],"_links":{"self":[{"href":"https:\/\/www.forum-soegel.de\/information\/wp-json\/wp\/v2\/posts\/513","targetHints":{"allow":["GET"]}}],"collection":[{"href":"https:\/\/www.forum-soegel.de\/information\/wp-json\/wp\/v2\/posts"}],"about":[{"href":"https:\/\/www.forum-soegel.de\/information\/wp-json\/wp\/v2\/types\/post"}],"author":[{"embeddable":true,"href":"https:\/\/www.forum-soegel.de\/information\/wp-json\/wp\/v2\/users\/2"}],"replies":[{"embeddable":true,"href":"https:\/\/www.forum-soegel.de\/information\/wp-json\/wp\/v2\/comments?post=513"}],"version-history":[{"count":3,"href":"https:\/\/www.forum-soegel.de\/information\/wp-json\/wp\/v2\/posts\/513\/revisions"}],"predecessor-version":[{"id":886,"href":"https:\/\/www.forum-soegel.de\/information\/wp-json\/wp\/v2\/posts\/513\/revisions\/886"}],"wp:attachment":[{"href":"https:\/\/www.forum-soegel.de\/information\/wp-json\/wp\/v2\/media?parent=513"}],"wp:term":[{"taxonomy":"category","embeddable":true,"href":"https:\/\/www.forum-soegel.de\/information\/wp-json\/wp\/v2\/categories?post=513"},{"taxonomy":"post_tag","embeddable":true,"href":"https:\/\/www.forum-soegel.de\/information\/wp-json\/wp\/v2\/tags?post=513"}],"curies":[{"name":"wp","href":"https:\/\/api.w.org\/{rel}","templated":true}]}}