{"id":5119,"date":"2011-06-01T00:19:08","date_gmt":"2011-05-31T22:19:08","guid":{"rendered":"https:\/\/www.forum-soegel.de\/information\/?p=5119"},"modified":"2011-05-28T15:21:18","modified_gmt":"2011-05-28T13:21:18","slug":"zukunftstag-fur-madchen-und-jungen","status":"publish","type":"post","link":"https:\/\/www.forum-soegel.de\/information\/2011\/06\/zukunftstag-fur-madchen-und-jungen\/","title":{"rendered":"Zukunftstag f\u00fcr M\u00e4dchen und Jungen"},"content":{"rendered":"<p>Am 14.04.2011 fand im Rahmen der Berufsorientierungsma\u00dfnahmen der j\u00e4hrlich wiederkehrende \u201eZukunftstag f\u00fcr M\u00e4dchen und Jungen\u201c statt. Verteilt auf den verschiedenen Stationen und Funktionsbereichen unseres Hauses begannen 34 Jungen und M\u00e4dchen aus der Region einen aufregenden und informativen Tag. Sie bekamen Einblicke in T\u00e4tigkeiten verschiedener Berufszweige, die im Krankenhaus vorzufinden sind.<\/p>\n<p>Bundesweit wird der \u201eGirl\u00b4s Day\u201c durchgef\u00fchrt. Einzigartig in Niedersachsen der \u201eZukunftstag f\u00fcr M\u00e4dchen und Jungen\u201c. Man hat in Niedersachsen erkannt, dass auch Jungen ihren Beruf aus einem eingeschr\u00e4nkten Berufsspektrum w\u00e4hlen und somit ihre Potentiale nicht aussch\u00f6pfen. Hierzu kommt, dass der demographische Wandel dazu f\u00fchrt, dass unsere Gesellschaft auf junge M\u00e4nner in der Pflege und Erziehung nicht l\u00e4nger verzichten kann.<\/p>\n<p>Deshalb haben wir uns sehr dar\u00fcber gefreut, so viele junge M\u00e4nner begr\u00fc\u00dfen zu d\u00fcrfen.<\/p>\n<p><a href=\"https:\/\/www.forum-soegel.de\/information\/wp-content\/uploads\/2011\/05\/Zukunftstag-f\u00fcr-M\u00e4dchen-und-Jungen.jpg\"><img loading=\"lazy\" decoding=\"async\" class=\"alignnone size-medium wp-image-5120\" title=\"Zukunftstag f\u00fcr M\u00e4dchen und Jungen\" src=\"https:\/\/www.forum-soegel.de\/information\/wp-content\/uploads\/2011\/05\/Zukunftstag-f\u00fcr-M\u00e4dchen-und-Jungen-300x225.jpg\" alt=\"\" width=\"300\" height=\"225\" srcset=\"https:\/\/www.forum-soegel.de\/information\/wp-content\/uploads\/2011\/05\/Zukunftstag-f\u00fcr-M\u00e4dchen-und-Jungen-300x225.jpg 300w, https:\/\/www.forum-soegel.de\/information\/wp-content\/uploads\/2011\/05\/Zukunftstag-f\u00fcr-M\u00e4dchen-und-Jungen.jpg 1024w\" sizes=\"auto, (max-width: 300px) 100vw, 300px\" \/><\/a><\/p>\n","protected":false},"excerpt":{"rendered":"Am 14.04.2011 fand im Rahmen der Berufsorientierungsma\u00dfnahmen der j\u00e4hrlich wiederkehrende \u201eZukunftstag f\u00fcr M\u00e4dchen und Jungen\u201c statt. Verteilt auf den verschiedenen Stationen und Funktionsbereichen unseres Hauses begannen 34 Jungen und M\u00e4dchen aus der Region einen aufregenden und informativen Tag. Sie bekamen Einblicke in T\u00e4tigkeiten verschiedener Berufszweige, die im Krankenhaus vorzufinden sind. Bundesweit wird der \u201eGirl\u00b4s Day\u201c [&hellip;]\n","protected":false},"author":2,"featured_media":0,"comment_status":"closed","ping_status":"closed","sticky":false,"template":"","format":"standard","meta":{"ngg_post_thumbnail":0,"footnotes":""},"categories":[3],"tags":[690,689],"class_list":["post-5119","post","type-post","status-publish","format-standard","hentry","category-aktuelles-aus-der-region","tag-girls-day","tag-zukunftstag"],"_links":{"self":[{"href":"https:\/\/www.forum-soegel.de\/information\/wp-json\/wp\/v2\/posts\/5119","targetHints":{"allow":["GET"]}}],"collection":[{"href":"https:\/\/www.forum-soegel.de\/information\/wp-json\/wp\/v2\/posts"}],"about":[{"href":"https:\/\/www.forum-soegel.de\/information\/wp-json\/wp\/v2\/types\/post"}],"author":[{"embeddable":true,"href":"https:\/\/www.forum-soegel.de\/information\/wp-json\/wp\/v2\/users\/2"}],"replies":[{"embeddable":true,"href":"https:\/\/www.forum-soegel.de\/information\/wp-json\/wp\/v2\/comments?post=5119"}],"version-history":[{"count":1,"href":"https:\/\/www.forum-soegel.de\/information\/wp-json\/wp\/v2\/posts\/5119\/revisions"}],"predecessor-version":[{"id":5121,"href":"https:\/\/www.forum-soegel.de\/information\/wp-json\/wp\/v2\/posts\/5119\/revisions\/5121"}],"wp:attachment":[{"href":"https:\/\/www.forum-soegel.de\/information\/wp-json\/wp\/v2\/media?parent=5119"}],"wp:term":[{"taxonomy":"category","embeddable":true,"href":"https:\/\/www.forum-soegel.de\/information\/wp-json\/wp\/v2\/categories?post=5119"},{"taxonomy":"post_tag","embeddable":true,"href":"https:\/\/www.forum-soegel.de\/information\/wp-json\/wp\/v2\/tags?post=5119"}],"curies":[{"name":"wp","href":"https:\/\/api.w.org\/{rel}","templated":true}]}}