{"id":5108,"date":"2011-06-01T00:12:42","date_gmt":"2011-05-31T22:12:42","guid":{"rendered":"https:\/\/www.forum-soegel.de\/information\/?p=5108"},"modified":"2011-05-28T15:15:07","modified_gmt":"2011-05-28T13:15:07","slug":"sogeler-spendenaktionen-helfen-japan","status":"publish","type":"post","link":"https:\/\/www.forum-soegel.de\/information\/2011\/06\/sogeler-spendenaktionen-helfen-japan\/","title":{"rendered":"S\u00f6geler Spendenaktionen helfen Japan"},"content":{"rendered":"<p>Auf Einladung der Samtgemeinde S\u00f6gel fand im S\u00f6geler Rathaus die Spenden\u00fcbergabe an den Pr\u00e4sidenten des Deutschen Roten Kreuzes, Dr. Rudolf Seiters statt.<\/p>\n<p>Erster Samtgemeinderat Hans Nowak nutzte die Gelegenheit, dem Initiator der Bauchredner\u2013 und Bauchtanzgala, Dr. Max Steuber sowie allen \u00fcbrigen Personen, die an dieser Gala beteiligt waren, ein herzliches Dankesch\u00f6n auszusprechen. \u201eSie haben damit vielen Menschen einen unvergesslichen Abend bereitet und gleichzeitig den notleidenden Menschen in Japan geholfen\u201c, so Nowak. Der gesamte Erl\u00f6s aus den rund 300 verkauften Eintrittskarten und zus\u00e4tzlichen Spenden in H\u00f6he von 3.943,59 \u20ac kommt nun der Japan-Hilfe zugute.<\/p>\n<p>Erfreut zeigte sich Nowak auch dar\u00fcber, dass eine weitere Veranstaltung, die in der Aula des H\u00fcmmling Gymnasiums auf Initiative der Gleichstellungsbeauftragten der Samtgemeinde, Annelene Abeln in Zusammenarbeit mit der Kfd S\u00f6gel durchgef\u00fchrt worden ist, ebenfalls den erhofften Erfolg gebracht hat.<\/p>\n<p>Aus dem Reinerl\u00f6s der Veranstaltung mit den \u201eFrechen Frauen im Zweierpack\u201c zum internationalen Tag der Frau sowie weiteren Einzelspenden bei der Veranstaltung kamen insgesamt 800,00 \u20ac zusammen.<\/p>\n<p>Dr. Seiters dankte allen Initiatoren f\u00fcr ihr Engagement und den Spenderinnen und Spendern f\u00fcr ihre Spendenbereitschaft. Der Gesamtbetrag in H\u00f6he von 4.743,59 \u20ac werde zur Unterst\u00fctzung der Arbeit des Japanischen Roten Kreuzes dringend ben\u00f6tigt.<\/p>\n<p>Text: IC Foto: Gerd Kerssens\/Gemeinde S\u00f6gel<\/p>\n<div id=\"attachment_5110\" style=\"width: 235px\" class=\"wp-caption alignnone\"><a href=\"https:\/\/www.forum-soegel.de\/information\/wp-content\/uploads\/2011\/05\/Seiters-Spende-DRK.jpg\"><img loading=\"lazy\" decoding=\"async\" aria-describedby=\"caption-attachment-5110\" class=\"size-medium wp-image-5110\" title=\"Seiters Spende DRK\" src=\"https:\/\/www.forum-soegel.de\/information\/wp-content\/uploads\/2011\/05\/Seiters-Spende-DRK-225x300.jpg\" alt=\"\" width=\"225\" height=\"300\" srcset=\"https:\/\/www.forum-soegel.de\/information\/wp-content\/uploads\/2011\/05\/Seiters-Spende-DRK-225x300.jpg 225w, https:\/\/www.forum-soegel.de\/information\/wp-content\/uploads\/2011\/05\/Seiters-Spende-DRK.jpg 576w\" sizes=\"auto, (max-width: 225px) 100vw, 225px\" \/><\/a><p id=\"caption-attachment-5110\" class=\"wp-caption-text\">: vl. Gisela Arling (kfd S\u00f6gel), Dr. Rudolf Seiters (DRK), Anelene Abeln (Gleichstellungsbeauftragte) Regina Gorniak (kfd), Hans Nowak (erster Samtgemeinderat) und Dr. Max Steuer alias \u201eDr. Bauch\u201c mit seiner Figur \u201e Alois Alzheimer\u201c bei der symbolischen Check\u00fcbergabe.<\/p><\/div>\n","protected":false},"excerpt":{"rendered":"Auf Einladung der Samtgemeinde S\u00f6gel fand im S\u00f6geler Rathaus die Spenden\u00fcbergabe an den Pr\u00e4sidenten des Deutschen Roten Kreuzes, Dr. Rudolf Seiters statt. Erster Samtgemeinderat Hans Nowak nutzte die Gelegenheit, dem Initiator der Bauchredner\u2013 und Bauchtanzgala, Dr. Max Steuber sowie allen \u00fcbrigen Personen, die an dieser Gala beteiligt waren, ein herzliches Dankesch\u00f6n auszusprechen. \u201eSie haben damit [&hellip;]\n","protected":false},"author":2,"featured_media":0,"comment_status":"closed","ping_status":"closed","sticky":false,"template":"","format":"standard","meta":{"ngg_post_thumbnail":0,"footnotes":""},"categories":[3],"tags":[],"class_list":["post-5108","post","type-post","status-publish","format-standard","hentry","category-aktuelles-aus-der-region"],"_links":{"self":[{"href":"https:\/\/www.forum-soegel.de\/information\/wp-json\/wp\/v2\/posts\/5108","targetHints":{"allow":["GET"]}}],"collection":[{"href":"https:\/\/www.forum-soegel.de\/information\/wp-json\/wp\/v2\/posts"}],"about":[{"href":"https:\/\/www.forum-soegel.de\/information\/wp-json\/wp\/v2\/types\/post"}],"author":[{"embeddable":true,"href":"https:\/\/www.forum-soegel.de\/information\/wp-json\/wp\/v2\/users\/2"}],"replies":[{"embeddable":true,"href":"https:\/\/www.forum-soegel.de\/information\/wp-json\/wp\/v2\/comments?post=5108"}],"version-history":[{"count":1,"href":"https:\/\/www.forum-soegel.de\/information\/wp-json\/wp\/v2\/posts\/5108\/revisions"}],"predecessor-version":[{"id":5111,"href":"https:\/\/www.forum-soegel.de\/information\/wp-json\/wp\/v2\/posts\/5108\/revisions\/5111"}],"wp:attachment":[{"href":"https:\/\/www.forum-soegel.de\/information\/wp-json\/wp\/v2\/media?parent=5108"}],"wp:term":[{"taxonomy":"category","embeddable":true,"href":"https:\/\/www.forum-soegel.de\/information\/wp-json\/wp\/v2\/categories?post=5108"},{"taxonomy":"post_tag","embeddable":true,"href":"https:\/\/www.forum-soegel.de\/information\/wp-json\/wp\/v2\/tags?post=5108"}],"curies":[{"name":"wp","href":"https:\/\/api.w.org\/{rel}","templated":true}]}}