{"id":5102,"date":"2011-06-01T00:01:30","date_gmt":"2011-05-31T22:01:30","guid":{"rendered":"https:\/\/www.forum-soegel.de\/information\/?p=5102"},"modified":"2011-05-28T15:03:52","modified_gmt":"2011-05-28T13:03:52","slug":"gold-und-silberschmieden-auf-schloss-clemenswerth","status":"publish","type":"post","link":"https:\/\/www.forum-soegel.de\/information\/2011\/06\/gold-und-silberschmieden-auf-schloss-clemenswerth\/","title":{"rendered":"Gold- und Silberschmieden auf Schloss Clemenswerth"},"content":{"rendered":"<p>H\u00e4mmern, feilen, schmirgeln, l\u00f6ten und bohren \u2013 eine st\u00e4ndige Ger\u00e4uschkulisse aus diesen T\u00e4tigkeiten drang Anfang Mai aus den Kreativr\u00e4umen des Emslandmuseums Schloss Clemenswerth und zeugt von flei\u00dfigen H\u00e4nden. Unter Leitung von Katja Osterhoff-Genz fand in den barocken Gem\u00e4uern ein Kurs zur Gold- und Silberschmiedekunst statt.<\/p>\n<p>Ganz unterschiedliche Ziele hatten sich die vier Teilnehmerinnen gesetzt. Hatte die eine schon konkrete Vorstellungen von ein Paar Ohrringen, die sie passend zu ihrem Fingerring kreieren wollte, lie\u00dfen sich andere von den vorliegenden Mustern inspirieren. Nach einer kurzen Einweisung ging es ans \u201eSilber\u201c. Dabei lernten die Kursbesucherinnen mit S\u00e4ge, Feile, Bohrmaschine und Hammer umzugehen. Am Ende des achtst\u00fcndigen Kurses hatte jede Kursteilnehmerin mindestens zwei unikale Schmuckst\u00fccke.<\/p>\n<p>Die Goldschmiedemeisterin Katja Osterhoff-Genzen aus Haltern am See hat ihre Ausbildung zur Goldschmiedin bei dem renommierten Juwelier Deiter in Essen an der Ruhr absolviert.<\/p>\n<p>Seit 2000 ist Osterhoff-Genz als Goldschmiedemeisterin selbstst\u00e4ndig und gibt in verschiedenen Bildungseinrichtungen sowie in ihrer eigenen Werkstatt Goldschmiedekurse.<\/p>\n<p>Ein weiterer Gold- und Silberschmiedekurs findet am Samstag, den 24. September, am Emslandmuseum Schloss Clemenswerth statt. Die Kursgeb\u00fchr betr\u00e4gt 115 \u20ac zzgl. Materialkosten (15 \u2013 60 \u20ac). Anmeldung hierzu werden bereits jetzt unter Tel. 05952 \/ 93 23 25 entgegen genommen.<\/p>\n<p>Text IC Foto: Schloss<\/p>\n<div id=\"attachment_5103\" style=\"width: 310px\" class=\"wp-caption alignnone\"><a href=\"https:\/\/www.forum-soegel.de\/information\/wp-content\/uploads\/2011\/05\/schmiedekurs.jpg\"><img loading=\"lazy\" decoding=\"async\" aria-describedby=\"caption-attachment-5103\" class=\"size-medium wp-image-5103\" title=\"schmiedekurs\" src=\"https:\/\/www.forum-soegel.de\/information\/wp-content\/uploads\/2011\/05\/schmiedekurs-300x225.jpg\" alt=\"\" width=\"300\" height=\"225\" srcset=\"https:\/\/www.forum-soegel.de\/information\/wp-content\/uploads\/2011\/05\/schmiedekurs-300x225.jpg 300w, https:\/\/www.forum-soegel.de\/information\/wp-content\/uploads\/2011\/05\/schmiedekurs.jpg 1024w\" sizes=\"auto, (max-width: 300px) 100vw, 300px\" \/><\/a><p id=\"caption-attachment-5103\" class=\"wp-caption-text\">Katja Osterhoff-Genz (2. von rechts) mit den vier Kursteilnehmerinnen<\/p><\/div>\n","protected":false},"excerpt":{"rendered":"H\u00e4mmern, feilen, schmirgeln, l\u00f6ten und bohren \u2013 eine st\u00e4ndige Ger\u00e4uschkulisse aus diesen T\u00e4tigkeiten drang Anfang Mai aus den Kreativr\u00e4umen des Emslandmuseums Schloss Clemenswerth und zeugt von flei\u00dfigen H\u00e4nden. Unter Leitung von Katja Osterhoff-Genz fand in den barocken Gem\u00e4uern ein Kurs zur Gold- und Silberschmiedekunst statt. Ganz unterschiedliche Ziele hatten sich die vier Teilnehmerinnen gesetzt. Hatte [&hellip;]\n","protected":false},"author":2,"featured_media":0,"comment_status":"closed","ping_status":"closed","sticky":false,"template":"","format":"standard","meta":{"ngg_post_thumbnail":0,"footnotes":""},"categories":[3],"tags":[],"class_list":["post-5102","post","type-post","status-publish","format-standard","hentry","category-aktuelles-aus-der-region"],"_links":{"self":[{"href":"https:\/\/www.forum-soegel.de\/information\/wp-json\/wp\/v2\/posts\/5102","targetHints":{"allow":["GET"]}}],"collection":[{"href":"https:\/\/www.forum-soegel.de\/information\/wp-json\/wp\/v2\/posts"}],"about":[{"href":"https:\/\/www.forum-soegel.de\/information\/wp-json\/wp\/v2\/types\/post"}],"author":[{"embeddable":true,"href":"https:\/\/www.forum-soegel.de\/information\/wp-json\/wp\/v2\/users\/2"}],"replies":[{"embeddable":true,"href":"https:\/\/www.forum-soegel.de\/information\/wp-json\/wp\/v2\/comments?post=5102"}],"version-history":[{"count":1,"href":"https:\/\/www.forum-soegel.de\/information\/wp-json\/wp\/v2\/posts\/5102\/revisions"}],"predecessor-version":[{"id":5104,"href":"https:\/\/www.forum-soegel.de\/information\/wp-json\/wp\/v2\/posts\/5102\/revisions\/5104"}],"wp:attachment":[{"href":"https:\/\/www.forum-soegel.de\/information\/wp-json\/wp\/v2\/media?parent=5102"}],"wp:term":[{"taxonomy":"category","embeddable":true,"href":"https:\/\/www.forum-soegel.de\/information\/wp-json\/wp\/v2\/categories?post=5102"},{"taxonomy":"post_tag","embeddable":true,"href":"https:\/\/www.forum-soegel.de\/information\/wp-json\/wp\/v2\/tags?post=5102"}],"curies":[{"name":"wp","href":"https:\/\/api.w.org\/{rel}","templated":true}]}}