{"id":5077,"date":"2011-06-01T00:30:38","date_gmt":"2011-05-31T22:30:38","guid":{"rendered":"https:\/\/www.forum-soegel.de\/information\/?p=5077"},"modified":"2011-05-28T14:44:20","modified_gmt":"2011-05-28T12:44:20","slug":"sogeler-jungautorin-stellt-eigenes-buch-vor","status":"publish","type":"post","link":"https:\/\/www.forum-soegel.de\/information\/2011\/06\/sogeler-jungautorin-stellt-eigenes-buch-vor\/","title":{"rendered":"S\u00f6geler Jungautorin stellt eigenes Buch vor"},"content":{"rendered":"<p>\u00a0\u201eMein nicht ganz normales Leben \u2013 Vampire direkt neben mir\u201c, so lautet der Titel des Fantasy-Romanes der 16-j\u00e4hrigen S\u00f6gelerin Franziska Herbes. Das Buch handelt von Freundinnen, Schule, Vampire, Zeltlager. Die Hauptfigur im Roman, die ebenfalls Franziska hei\u00dft, entdeckt, dass drei Jungen aus ihrer Klasse Vampire sind. Das macht den Schulalltag nicht einfacher, w\u00e4hrend eines Zeltlagers eskaliert die Situation.<\/p>\n<p>Inspiriert durch B\u00fccher und Romane und angehalten von ihren Freundinnen probierte Franziska sich im B\u00fccherschreiben. Sie liest selber gerne Fantasyromane und ist vom \u00dcberirdischen fasziniert. In der Galerie S\u00f6gel fand die Sch\u00fclerin der Schule am Schloss eine gro\u00dfe Auswahl an Geschichten, gleichfalls wurde sie von den Inhabern der Galerie Hanne Schmees und Michael Gerdes w\u00e4hrend des Schreibens und der Gestaltung des Buches unterst\u00fctzt. Gemeinsam mit dem Kunstp\u00e4dagogen Gerdes gestaltete sie den Umschlag des Buches. Heraus kam am Ende ein 206 Seiten starkes Buch, welches jetzt mit einer Auflage von 100 St\u00fcck in Eigenregie in Zusammenarbeit mit der \u00f6rtlichen Druckerei erstellt wurde. \u201eIch bin erst nur so zum Spa\u00df mit dem Schreiben angefangen\u201c, schilderte Franziska ihre Anf\u00e4nge im November 2009. Erst als sie schon fast 100 Seiten auf ihrem Laptop verfasst hatte, nahm das Projekt Konturen an. Ihre Eltern hatte Franziska mittlerweile \u00fcberzeugt. Dass sie allerdings manches Mal n\u00e4chtelang durchgeschrieben hat, wurde wohl weniger geduldet. \u201eWenn ich eine Idee hatte, musste ich sie unbedingt zu Papier bringen\u201c, erkl\u00e4rte Franziska ihre Freude am Schreiben. Notfalls nahm sie auch ihre Handfl\u00e4che, um unterwegs einige Notizen aufzuschreiben, wenn kein Papier zur Hand war. \u201eDie besten Ideen kamen mir beim Spazierengehen mit unserem Hund\u201c, so Franziska. F\u00fcr Franziska bedeutet die Schreiberei ein Ausgleich und sie dient ihr als Entspannung. Eigene Erlebnisse hat sie im Buch einflie\u00dfen lassen.<\/p>\n<p>In ihrer Freizeit pflegt Franziska aber auch noch andere Hobbys. Sie malt gerne, arbeitet ehrenamtlich in der Katholischen B\u00fccherei S\u00f6gel und im Weltladen S\u00f6gel. Sie ist in der Jugendarbeit der Katholischen Kirchengemeinde S\u00f6gel t\u00e4tig und ist Messdienerin. Ein voller Tagesplan ist ihr also gewiss. Angelika Hespe, Leiterin der K\u00d6B S\u00f6gel, zeigt sich begeistert \u00fcber das neue Buch und ist stolz auf ihre Mitarbeiterin. \u201eDas Buch ist im jugendlichen Sprachstil geschrieben und leicht lesbar. Es ist frei von Fremdw\u00f6rtern und enth\u00e4lt nur wenige verschachtelte S\u00e4tze. Ich empfehle es gerne unseren jugendlichen Lesern ab 12 Jahre\u201c, so Hespe.<\/p>\n<p>In den ersten zwei Wochen nach Erscheinung des Buches sind bereits die H\u00e4lfte der Exemplare verkauft. Derweil schreibt Franziska bereits an der Fortsetzung, das erste Buch hat ein offenes Ende.<\/p>\n<p>Text\/Foto: IC<\/p>\n<div id=\"attachment_5080\" style=\"width: 235px\" class=\"wp-caption alignnone\"><a href=\"https:\/\/www.forum-soegel.de\/information\/wp-content\/uploads\/2011\/05\/Herbes-Jungautorin2.jpg\"><img loading=\"lazy\" decoding=\"async\" aria-describedby=\"caption-attachment-5080\" class=\"size-medium wp-image-5080\" title=\"Herbes Jungautorin\" src=\"https:\/\/www.forum-soegel.de\/information\/wp-content\/uploads\/2011\/05\/Herbes-Jungautorin2-225x300.jpg\" alt=\"\" width=\"225\" height=\"300\" srcset=\"https:\/\/www.forum-soegel.de\/information\/wp-content\/uploads\/2011\/05\/Herbes-Jungautorin2-225x300.jpg 225w, https:\/\/www.forum-soegel.de\/information\/wp-content\/uploads\/2011\/05\/Herbes-Jungautorin2.jpg 768w\" sizes=\"auto, (max-width: 225px) 100vw, 225px\" \/><\/a><p id=\"caption-attachment-5080\" class=\"wp-caption-text\">Angelika Hespe von der Katholischen B\u00fccherei S\u00f6gel sowie die sechzehnj\u00e4hrige Franziska Herbes aus S\u00f6gel stellen das erste Buch der Jungautorin vor.<\/p><\/div>\n","protected":false},"excerpt":{"rendered":"\u00a0\u201eMein nicht ganz normales Leben \u2013 Vampire direkt neben mir\u201c, so lautet der Titel des Fantasy-Romanes der 16-j\u00e4hrigen S\u00f6gelerin Franziska Herbes. Das Buch handelt von Freundinnen, Schule, Vampire, Zeltlager. Die Hauptfigur im Roman, die ebenfalls Franziska hei\u00dft, entdeckt, dass drei Jungen aus ihrer Klasse Vampire sind. Das macht den Schulalltag nicht einfacher, w\u00e4hrend eines Zeltlagers [&hellip;]\n","protected":false},"author":2,"featured_media":0,"comment_status":"closed","ping_status":"closed","sticky":false,"template":"","format":"standard","meta":{"ngg_post_thumbnail":0,"footnotes":""},"categories":[3],"tags":[],"class_list":["post-5077","post","type-post","status-publish","format-standard","hentry","category-aktuelles-aus-der-region"],"_links":{"self":[{"href":"https:\/\/www.forum-soegel.de\/information\/wp-json\/wp\/v2\/posts\/5077","targetHints":{"allow":["GET"]}}],"collection":[{"href":"https:\/\/www.forum-soegel.de\/information\/wp-json\/wp\/v2\/posts"}],"about":[{"href":"https:\/\/www.forum-soegel.de\/information\/wp-json\/wp\/v2\/types\/post"}],"author":[{"embeddable":true,"href":"https:\/\/www.forum-soegel.de\/information\/wp-json\/wp\/v2\/users\/2"}],"replies":[{"embeddable":true,"href":"https:\/\/www.forum-soegel.de\/information\/wp-json\/wp\/v2\/comments?post=5077"}],"version-history":[{"count":2,"href":"https:\/\/www.forum-soegel.de\/information\/wp-json\/wp\/v2\/posts\/5077\/revisions"}],"predecessor-version":[{"id":5082,"href":"https:\/\/www.forum-soegel.de\/information\/wp-json\/wp\/v2\/posts\/5077\/revisions\/5082"}],"wp:attachment":[{"href":"https:\/\/www.forum-soegel.de\/information\/wp-json\/wp\/v2\/media?parent=5077"}],"wp:term":[{"taxonomy":"category","embeddable":true,"href":"https:\/\/www.forum-soegel.de\/information\/wp-json\/wp\/v2\/categories?post=5077"},{"taxonomy":"post_tag","embeddable":true,"href":"https:\/\/www.forum-soegel.de\/information\/wp-json\/wp\/v2\/tags?post=5077"}],"curies":[{"name":"wp","href":"https:\/\/api.w.org\/{rel}","templated":true}]}}