{"id":5075,"date":"2011-06-01T00:28:12","date_gmt":"2011-05-31T22:28:12","guid":{"rendered":"https:\/\/www.forum-soegel.de\/information\/?p=5075"},"modified":"2011-05-28T14:29:40","modified_gmt":"2011-05-28T12:29:40","slug":"ameland-freizeit-und-sommer-zeltlager-2011","status":"publish","type":"post","link":"https:\/\/www.forum-soegel.de\/information\/2011\/06\/ameland-freizeit-und-sommer-zeltlager-2011\/","title":{"rendered":"Ameland-Freizeit und Sommer-Zeltlager 2011"},"content":{"rendered":"<p>Ameland ist eine der sch\u00f6nsten niederl\u00e4ndischen Wattenmeerinsel und dar\u00fcber hinaus bekannt f\u00fcr seine Ferienfreizeiten. Die Insel begeistert mit einem langen, wundersch\u00f6nen Sandstrand, ausgedehnten W\u00e4ldern und endlosen D\u00fcnengebieten. Auch in diesem Jahr wollen wir mit m\u00f6glichst vielen Kindern eine unvergessliche Zeit miteinander verbringen.<\/p>\n<p>W\u00e4hrend der Freizeit erleben die Kinder ein extra auf sie zugeschnittenes Programm bei dem keine Langeweile aufkommt. Es warten Spiele am Strand, der Besuch des Abenteuerspielplatzes, eine Kutter- und Treckerfahrt sowie zahlreiche weitere Aktivit\u00e4ten im Lager und in der ausgepr\u00e4gten Naturlandschaft.<\/p>\n<p>Begleitet werden sie dabei von Ameland erfahrenen erwachsenen und jugendlichen Gruppenleitern, die rund um die Uhr die Aufsicht \u00fcbernehmen.<\/p>\n<p>Teilnehmen k\u00f6nnen Kinder im Alter von 8-13 Jahren.<\/p>\n<p>Das Sommerzeltlager f\u00fcr Kinder und Jugendliche aus S\u00f6gel, H\u00fcven und Eisten ab der 4.Klasse findet in diesem Jahr vom 31.Juli \u2013 7.August in Ankum auf dem \u00f6rtlichen Jugendzeltplatz statt. Eine Woche lang sind die Kinder und deren Betreuer unterwegs, um Gemeinschaft und Spa\u00df miteinander zu erleben. Nat\u00fcrlich kommen dabei klassische Zeltlager-Aktivit\u00e4ten wie Schwimmen gehen, Ausfl\u00fcge, Spiel- und Kreativaktionen, sowie Nachtwanderungen und Lagerfeuerabende nicht zu kurz. Nachdem das Zeltlager im letzten Jahr erstmals wieder stattfinden konnte, hoffen wir auch in diesem Jahr auf zahlreiche Anmeldungen.<\/p>\n<p>Die Anmeldungen f\u00fcr die Amelandfreizeit und das Sommer-Zeltlager 2011 liegen in der Kirche und im St.Jakobus-Haus aus und k\u00f6nnen im Pfarrb\u00fcro zu den \u00d6ffnungszeiten abgegeben werden. Es sind noch gen\u00fcgend freie Pl\u00e4tze vorhanden.<\/p>\n","protected":false},"excerpt":{"rendered":"Ameland ist eine der sch\u00f6nsten niederl\u00e4ndischen Wattenmeerinsel und dar\u00fcber hinaus bekannt f\u00fcr seine Ferienfreizeiten. Die Insel begeistert mit einem langen, wundersch\u00f6nen Sandstrand, ausgedehnten W\u00e4ldern und endlosen D\u00fcnengebieten. Auch in diesem Jahr wollen wir mit m\u00f6glichst vielen Kindern eine unvergessliche Zeit miteinander verbringen. W\u00e4hrend der Freizeit erleben die Kinder ein extra auf sie zugeschnittenes Programm bei [&hellip;]\n","protected":false},"author":2,"featured_media":0,"comment_status":"closed","ping_status":"closed","sticky":false,"template":"","format":"standard","meta":{"ngg_post_thumbnail":0,"footnotes":""},"categories":[3],"tags":[681,104,568],"class_list":["post-5075","post","type-post","status-publish","format-standard","hentry","category-aktuelles-aus-der-region","tag-ameland","tag-st-jakobus","tag-zeltlager"],"_links":{"self":[{"href":"https:\/\/www.forum-soegel.de\/information\/wp-json\/wp\/v2\/posts\/5075","targetHints":{"allow":["GET"]}}],"collection":[{"href":"https:\/\/www.forum-soegel.de\/information\/wp-json\/wp\/v2\/posts"}],"about":[{"href":"https:\/\/www.forum-soegel.de\/information\/wp-json\/wp\/v2\/types\/post"}],"author":[{"embeddable":true,"href":"https:\/\/www.forum-soegel.de\/information\/wp-json\/wp\/v2\/users\/2"}],"replies":[{"embeddable":true,"href":"https:\/\/www.forum-soegel.de\/information\/wp-json\/wp\/v2\/comments?post=5075"}],"version-history":[{"count":1,"href":"https:\/\/www.forum-soegel.de\/information\/wp-json\/wp\/v2\/posts\/5075\/revisions"}],"predecessor-version":[{"id":5076,"href":"https:\/\/www.forum-soegel.de\/information\/wp-json\/wp\/v2\/posts\/5075\/revisions\/5076"}],"wp:attachment":[{"href":"https:\/\/www.forum-soegel.de\/information\/wp-json\/wp\/v2\/media?parent=5075"}],"wp:term":[{"taxonomy":"category","embeddable":true,"href":"https:\/\/www.forum-soegel.de\/information\/wp-json\/wp\/v2\/categories?post=5075"},{"taxonomy":"post_tag","embeddable":true,"href":"https:\/\/www.forum-soegel.de\/information\/wp-json\/wp\/v2\/tags?post=5075"}],"curies":[{"name":"wp","href":"https:\/\/api.w.org\/{rel}","templated":true}]}}