{"id":5073,"date":"2011-06-01T00:27:11","date_gmt":"2011-05-31T22:27:11","guid":{"rendered":"https:\/\/www.forum-soegel.de\/information\/?p=5073"},"modified":"2011-06-04T18:38:41","modified_gmt":"2011-06-04T16:38:41","slug":"%e2%80%9esag-beim-abschied-leise-servus%e2%80%9c","status":"publish","type":"post","link":"https:\/\/www.forum-soegel.de\/information\/2011\/06\/%e2%80%9esag-beim-abschied-leise-servus%e2%80%9c\/","title":{"rendered":"\u201eSag beim Abschied leise Servus\u201c"},"content":{"rendered":"<p>Verabschieden wollen wir uns heute, gemeinsam mit Ihnen liebe Leserinnen und Leser, von Alexandra Deeken.<\/p>\n<p>Sie wird in den n\u00e4chsten Wochen nicht nur S\u00f6gel und das Emsland, sondern Deutschland verlassen und nach Norwegen ziehen.<\/p>\n<p>Im Rahmen eines vereinten Europas klingt \u201eAuswandern\u201c nicht mehr zeitgem\u00e4\u00df.<\/p>\n<p>Alexandra Deeken hat viele Jahre mit ihrem Anzeigenlayout &#8211; Unternehmen MEDIALIX, sozusagen als \u201eletzte Instanz\u201c die monatlich eingehenden redaktionellen Beitr\u00e4ge und Fotos zu druckreifen Inhalten geformt.<\/p>\n<p>Dar\u00fcberhinaus hat sie unsere Werbepartner in Anzeigenfragen konzeptionell beraten.<\/p>\n<p>F\u00fcr ihre loyale Zusammenarbeit mit dem Redaktionsteam wollen wir uns\u00a0 an dieser Stelle ganz herzlich bedanken.<\/p>\n<p>Bedanken m\u00f6chten wir uns bei Alexandra auch f\u00fcr ihre leise, man kann schon sagen absolut ger\u00e4uschlose Regelung ihrer Nachfolge.<\/p>\n<p>Das ist die dritte Ausgabe in der Alexandra gemeinsam mit Sandra Strauch die Gestaltungsarbeit an der Brosch\u00fcre durchf\u00fchrt und damit einen nahtlosen Wechsel auf gleichbleibend hohem Niveau sicherstellt.<\/p>\n<p>( Sandra Strauch widmen wir das Vorwort der n\u00e4chsten Ausgabe )<\/p>\n<p>Wir w\u00fcnschen Alexandra Deeken und ihrer Familie, dass sie in Norwegen eine neue Heimat findet, dort gl\u00fccklich bleibt und sich trotzdem gern an S\u00f6gel und das Emsland zur\u00fcckerinnert.<\/p>\n<p>Das Redaktionsteam verabschiedet sich ganz herzlich mit einem schlichten und leisen<\/p>\n<p>Tsch\u00fcss Alex.<\/p>\n<p>Ihnen liebe Leserinnen und Leser sagen wir, es geht weiter.<\/p>\n<p>Sch\u00f6ne Pfingsten w\u00fcnscht<\/p>\n<p>Ihr Redaktionsteam<\/p>\n","protected":false},"excerpt":{"rendered":"Verabschieden wollen wir uns heute, gemeinsam mit Ihnen liebe Leserinnen und Leser, von Alexandra Deeken. Sie wird in den n\u00e4chsten Wochen nicht nur S\u00f6gel und das Emsland, sondern Deutschland verlassen und nach Norwegen ziehen. Im Rahmen eines vereinten Europas klingt \u201eAuswandern\u201c nicht mehr zeitgem\u00e4\u00df. Alexandra Deeken hat viele Jahre mit ihrem Anzeigenlayout &#8211; Unternehmen MEDIALIX, [&hellip;]\n","protected":false},"author":2,"featured_media":0,"comment_status":"closed","ping_status":"closed","sticky":false,"template":"","format":"standard","meta":{"ngg_post_thumbnail":0,"footnotes":""},"categories":[393],"tags":[],"class_list":["post-5073","post","type-post","status-publish","format-standard","hentry","category-vorwort"],"_links":{"self":[{"href":"https:\/\/www.forum-soegel.de\/information\/wp-json\/wp\/v2\/posts\/5073","targetHints":{"allow":["GET"]}}],"collection":[{"href":"https:\/\/www.forum-soegel.de\/information\/wp-json\/wp\/v2\/posts"}],"about":[{"href":"https:\/\/www.forum-soegel.de\/information\/wp-json\/wp\/v2\/types\/post"}],"author":[{"embeddable":true,"href":"https:\/\/www.forum-soegel.de\/information\/wp-json\/wp\/v2\/users\/2"}],"replies":[{"embeddable":true,"href":"https:\/\/www.forum-soegel.de\/information\/wp-json\/wp\/v2\/comments?post=5073"}],"version-history":[{"count":3,"href":"https:\/\/www.forum-soegel.de\/information\/wp-json\/wp\/v2\/posts\/5073\/revisions"}],"predecessor-version":[{"id":5288,"href":"https:\/\/www.forum-soegel.de\/information\/wp-json\/wp\/v2\/posts\/5073\/revisions\/5288"}],"wp:attachment":[{"href":"https:\/\/www.forum-soegel.de\/information\/wp-json\/wp\/v2\/media?parent=5073"}],"wp:term":[{"taxonomy":"category","embeddable":true,"href":"https:\/\/www.forum-soegel.de\/information\/wp-json\/wp\/v2\/categories?post=5073"},{"taxonomy":"post_tag","embeddable":true,"href":"https:\/\/www.forum-soegel.de\/information\/wp-json\/wp\/v2\/tags?post=5073"}],"curies":[{"name":"wp","href":"https:\/\/api.w.org\/{rel}","templated":true}]}}