{"id":5069,"date":"2011-05-01T13:09:12","date_gmt":"2011-05-01T11:09:12","guid":{"rendered":"https:\/\/www.forum-soegel.de\/information\/?p=5069"},"modified":"2011-05-01T13:09:12","modified_gmt":"2011-05-01T11:09:12","slug":"adoro-sitzplatzkontingent-fur-open-air-konzert-erweitert","status":"publish","type":"post","link":"https:\/\/www.forum-soegel.de\/information\/2011\/05\/adoro-sitzplatzkontingent-fur-open-air-konzert-erweitert\/","title":{"rendered":"ADORO: Sitzplatzkontingent f\u00fcr Open-Air-Konzert erweitert"},"content":{"rendered":"<p><strong>Nach Ausverkauf sind jetzt wieder Eintrittskarten zu haben<\/strong><\/p>\n<p>Aufgrund der starken Nachfrage nach Eintrittskarten hat die S\u00f6gel Marketing GmbH ihr Sitzplatzkontingent f\u00fcr das ADORO-Konzert am 25. Juni auf dem Ludmillenhof erh\u00f6ht. Nachdem k\u00fcrzlich ein Ausverkauf gemeldet wurde, sind ab sofort wieder Karten, wenn auch nur in begrenztem Umfang, erh\u00e4ltlich.<\/p>\n<p>\u201eDer Kartenverkauf f\u00fcr unser diesj\u00e4hriges Sommerkonzert war ein Selbstl\u00e4ufer\u201c, stellt G\u00fcnter Wigbers, Gesch\u00e4ftsf\u00fchrer der S\u00f6gel Marketing GmbH, in einer Pressemitteilung fest, und das, \u201eobwohl wir kaum Werbung gemacht haben\u201c. Um der gro\u00dfen Nachfrage gerecht werden zu k\u00f6nnen, sei mit der Produktionsgesellschaft von ADORO ein erweitertes Sitzplatzkonzept vereinbart worden. Zus\u00e4tzliche Pl\u00e4tze im hinteren Bereich beschert den ADORO-Freunden, die bisher keine Karte ergattern konnten, nun die M\u00f6glichkeit, zum relativ g\u00fcnstigen Preis (29 Euro plus Vorverkaufsgeb\u00fchr) \u00fcber die Vorverkaufsstellen bei Nord-West-Ticket oder bei der Samtgemeinde S\u00f6gel an Karten zu kommen.<\/p>\n<p>Der Kartenvorverkauf resultiere offenbar aus den guten Erfahrungen der G\u00e4ste bei den Konzerten in den Vorjahren, vermutet Wigbers. \u201eWir haben mittlerweile viele Stammkunden, denen es nicht nur um ein gutes Konzert geht, sondern auch um das besondere Ambiente unserer Veranstaltungen auf dem traumhaften Ludmillenhof. Der kulinarischen Meile werde in diesem Jahr besondere Aufmerksamkeit geschenkt, und \u201esie wird deutlich besser als im letzten Jahr.\u201c Ab 18 Uhr wird das Konzertgel\u00e4nde ge\u00f6ffnet. Die G\u00e4ste haben dann die M\u00f6glichkeit, sich vor dem Konzert mit Speisen und Getr\u00e4nken auf das Konzert einzustimmen, so Wigbers.<\/p>\n<p>ADORO, in S\u00f6gel mit Orchester und Band zu Gast, startete 2007 mit ihrem Deb\u00fctalbum in eine erfolgreiche Musik\u00e4ra. Ihre Klassik\/Pop-Versionen deutscher Hits erreichten mehrfach Platz 1 der Albumcharts. Zahlreiche Nominierungen hat die Band inzwischen erhalten, darunter eine Platinauszeichnung. Im November letzten Jahres hat ADORO das drittes Album mit dem Titel \u201eGl\u00fcck\u201c herausgegeben, auf dem neben sieben neuen Interpretationen von Hits aus Deutschland auch drei englische Songs, unter anderem von den Scorpions, zu finden sind. Das S\u00f6geler Organisationsteam, zu dem auch der Kulturkreis Clemenswerth geh\u00f6rt, geht davon aus, dass ADORO mit Orchester und Band einen \u201ewundersch\u00f6nen Sommernachtsabend\u201c pr\u00e4sentieren wird.<\/p>\n<p>Text: IC<\/p>\n","protected":false},"excerpt":{"rendered":"Nach Ausverkauf sind jetzt wieder Eintrittskarten zu haben Aufgrund der starken Nachfrage nach Eintrittskarten hat die S\u00f6gel Marketing GmbH ihr Sitzplatzkontingent f\u00fcr das ADORO-Konzert am 25. Juni auf dem Ludmillenhof erh\u00f6ht. Nachdem k\u00fcrzlich ein Ausverkauf gemeldet wurde, sind ab sofort wieder Karten, wenn auch nur in begrenztem Umfang, erh\u00e4ltlich. \u201eDer Kartenverkauf f\u00fcr unser diesj\u00e4hriges Sommerkonzert [&hellip;]\n","protected":false},"author":2,"featured_media":0,"comment_status":"closed","ping_status":"closed","sticky":false,"template":"","format":"standard","meta":{"ngg_post_thumbnail":0,"footnotes":""},"categories":[3],"tags":[578,238],"class_list":["post-5069","post","type-post","status-publish","format-standard","hentry","category-aktuelles-aus-der-region","tag-adoro","tag-konzert"],"_links":{"self":[{"href":"https:\/\/www.forum-soegel.de\/information\/wp-json\/wp\/v2\/posts\/5069","targetHints":{"allow":["GET"]}}],"collection":[{"href":"https:\/\/www.forum-soegel.de\/information\/wp-json\/wp\/v2\/posts"}],"about":[{"href":"https:\/\/www.forum-soegel.de\/information\/wp-json\/wp\/v2\/types\/post"}],"author":[{"embeddable":true,"href":"https:\/\/www.forum-soegel.de\/information\/wp-json\/wp\/v2\/users\/2"}],"replies":[{"embeddable":true,"href":"https:\/\/www.forum-soegel.de\/information\/wp-json\/wp\/v2\/comments?post=5069"}],"version-history":[{"count":1,"href":"https:\/\/www.forum-soegel.de\/information\/wp-json\/wp\/v2\/posts\/5069\/revisions"}],"predecessor-version":[{"id":5070,"href":"https:\/\/www.forum-soegel.de\/information\/wp-json\/wp\/v2\/posts\/5069\/revisions\/5070"}],"wp:attachment":[{"href":"https:\/\/www.forum-soegel.de\/information\/wp-json\/wp\/v2\/media?parent=5069"}],"wp:term":[{"taxonomy":"category","embeddable":true,"href":"https:\/\/www.forum-soegel.de\/information\/wp-json\/wp\/v2\/categories?post=5069"},{"taxonomy":"post_tag","embeddable":true,"href":"https:\/\/www.forum-soegel.de\/information\/wp-json\/wp\/v2\/tags?post=5069"}],"curies":[{"name":"wp","href":"https:\/\/api.w.org\/{rel}","templated":true}]}}