{"id":506,"date":"2010-01-01T13:27:16","date_gmt":"2010-01-01T11:27:16","guid":{"rendered":"https:\/\/www.forum-soegel.de\/information\/?p=506"},"modified":"2010-02-21T13:28:48","modified_gmt":"2010-02-21T11:28:48","slug":"schwestern-vom-thuiner-orden-in-sogel","status":"publish","type":"post","link":"https:\/\/www.forum-soegel.de\/information\/2010\/01\/schwestern-vom-thuiner-orden-in-sogel\/","title":{"rendered":"Schwestern vom Thuiner Orden in S\u00f6gel"},"content":{"rendered":"<p>Ab dem 1. Januar 2010 sind drei Schwestern vom Thuiner Orden in S\u00f6gel im Dienst. Sr. Witrude, Sr. Dominika und Sr. Francilla haben inzwischen das Schwesternhaus in S\u00f6gel bezogen. Die Aufgaben der Schwestern bestehen in der ambulanten Pflege im H\u00fcmmling Krankenhaus sowie in der Mithilfe bei der Seelsorge der Kath. Kirchengemeinde. Rat und Verwaltung der Gemeinde S\u00f6gel hei\u00dfen die drei Ordensfrauen in S\u00f6gel herzlich willkommen und w\u00fcnschen Ihnen alles Gute f\u00fcr die neuen Herausforderungen.<\/p>\n","protected":false},"excerpt":{"rendered":"Ab dem 1. Januar 2010 sind drei Schwestern vom Thuiner Orden in S\u00f6gel im Dienst. Sr. Witrude, Sr. Dominika und Sr. Francilla haben inzwischen das Schwesternhaus in S\u00f6gel bezogen. Die Aufgaben der Schwestern bestehen in der ambulanten Pflege im H\u00fcmmling Krankenhaus sowie in der Mithilfe bei der Seelsorge der Kath. Kirchengemeinde. Rat und Verwaltung der [&hellip;]\n","protected":false},"author":2,"featured_media":0,"comment_status":"closed","ping_status":"closed","sticky":false,"template":"","format":"standard","meta":{"ngg_post_thumbnail":0,"footnotes":""},"categories":[10],"tags":[95,94],"class_list":["post-506","post","type-post","status-publish","format-standard","hentry","category-rat-und-verwaltung-informieren","tag-hummling-krankenhaus","tag-thuiner-orden"],"_links":{"self":[{"href":"https:\/\/www.forum-soegel.de\/information\/wp-json\/wp\/v2\/posts\/506","targetHints":{"allow":["GET"]}}],"collection":[{"href":"https:\/\/www.forum-soegel.de\/information\/wp-json\/wp\/v2\/posts"}],"about":[{"href":"https:\/\/www.forum-soegel.de\/information\/wp-json\/wp\/v2\/types\/post"}],"author":[{"embeddable":true,"href":"https:\/\/www.forum-soegel.de\/information\/wp-json\/wp\/v2\/users\/2"}],"replies":[{"embeddable":true,"href":"https:\/\/www.forum-soegel.de\/information\/wp-json\/wp\/v2\/comments?post=506"}],"version-history":[{"count":1,"href":"https:\/\/www.forum-soegel.de\/information\/wp-json\/wp\/v2\/posts\/506\/revisions"}],"predecessor-version":[{"id":507,"href":"https:\/\/www.forum-soegel.de\/information\/wp-json\/wp\/v2\/posts\/506\/revisions\/507"}],"wp:attachment":[{"href":"https:\/\/www.forum-soegel.de\/information\/wp-json\/wp\/v2\/media?parent=506"}],"wp:term":[{"taxonomy":"category","embeddable":true,"href":"https:\/\/www.forum-soegel.de\/information\/wp-json\/wp\/v2\/categories?post=506"},{"taxonomy":"post_tag","embeddable":true,"href":"https:\/\/www.forum-soegel.de\/information\/wp-json\/wp\/v2\/tags?post=506"}],"curies":[{"name":"wp","href":"https:\/\/api.w.org\/{rel}","templated":true}]}}