{"id":5044,"date":"2011-05-01T00:09:07","date_gmt":"2011-04-30T22:09:07","guid":{"rendered":"https:\/\/www.forum-soegel.de\/information\/?p=5044"},"modified":"2011-04-30T11:01:28","modified_gmt":"2011-04-30T09:01:28","slug":"touristikverein-sogel-zieht-positive-bilanz","status":"publish","type":"post","link":"https:\/\/www.forum-soegel.de\/information\/2011\/05\/touristikverein-sogel-zieht-positive-bilanz\/","title":{"rendered":"Touristikverein S\u00f6gel zieht positive Bilanz"},"content":{"rendered":"<p><strong>G\u00e4stebefragung in dieser Saison<\/strong><\/p>\n<p>\u00a0\u201eWir wollen uns zeitgem\u00e4\u00dfer pr\u00e4sentieren\u201c, so die Worte des ersten Vorsitzenden des bisherigen Fremdenverkehrsvereins S\u00f6gel Matthias Grohmann. Damit einher gehe die Umbenennung des Vereins, die im vergangenen Jahr beschlossen wurde sowie eine Bestimmung eines neuen Logos. Der Vorstand des \u201eTouristikvereines S\u00f6gel\u201c blieb allerdings in seiner bisherigen Besetzung bestehen. Alle \u201eAmtsinhaber\u201c wurden einstimmig wiedergew\u00e4hlt.<\/p>\n<p>\u201eUm den W\u00fcnschen und Anforderungen unserer G\u00e4ste k\u00fcnftig besser entsprechen zu k\u00f6nnen, werden wir in S\u00f6gel eine G\u00e4stebefragung durchf\u00fchren\u201c, steckte Grohmann die Ziele der laufenden Saison ab. Eine Auswertung solle im Fr\u00fchjahr kommenden Jahres erfolgen. Weiter f\u00fchrte er aus, dass der Verein auf das allj\u00e4hrliche Konzert auf Schloss Clemenswerth verzichten wolle, um im kommenden Jahr einen gr\u00f6\u00dferen finanziellen Spielraum f\u00fcr ein gr\u00f6\u00dferes Event zu haben. Es stehen f\u00fcr die Ferienzeit 2011 wieder \u00fcber sechzig verschiedene Aktionen f\u00fcr Urlaubsg\u00e4ste und interessierte B\u00fcrger zur Verf\u00fcgung, wie beispielsweise die regelm\u00e4\u00dfigen Rad- und Planwagentouren sowie Nachtw\u00e4chterf\u00fchrungen und Weiteres. Zudem wurde die Anhebung der Mitgliedsbeitr\u00e4ge einstimmig beschlossen.\u00a0<\/p>\n<p>K\u00fcnftig strebe der Verein eine st\u00e4rkere Einbeziehung und Zusammenarbeit mit der Gemeinde S\u00f6gel, dem Wirte verein, dem HGV und anderen am Tourismus interessierten Personen an.<\/p>\n<p>Der stellvertretende Gemeindedirektor Hans Nowak sicherte die weitere Unterst\u00fctzung der Gemeinde S\u00f6gel zu.<\/p>\n<p>Gesch\u00e4ftsf\u00fchrer Bernd Sauerbrey wies im Jahresr\u00fcckblick auf die leichte Steigerung der \u00dcbernachtungszahlen in S\u00f6gel hin. Schwankungen gab es in der Nutzung von den touristischen Angeboten. \u201eUnser Zugpferd ist und bleibt der Fahrradtourismus\u201c, so Sauerbrey. Daher sehe er die neu ausgeschilderten H\u00fcmmlinger Fahrradrouten als besonders bewerbenswert an.<\/p>\n<p>Zur Vorstellung seines Jahresprogramms war der Museumsdirektor vom Schloss Clemenswerth, Oliver Fok, auf der Generalversammlung zu Gast. Fok f\u00fchrte aus, dass die Besucherzahlen in den vergangenen zwei Jahren rasant gestiegen seien. \u201eAn dieser Entwicklung wollen wir festhalten. Gleichwohl erwarte er nicht, dass der Anstieg der Besucherzahlen in gleicher Prozentzahl voranschreite. Es seien schon alleine durch die Belastbarkeit des Schlosses Grenzen gesetzt.\u00a0<\/p>\n<p>Text\/Foto: IC<\/p>\n<div id=\"attachment_5045\" style=\"width: 310px\" class=\"wp-caption alignnone\"><a href=\"https:\/\/www.forum-soegel.de\/information\/wp-content\/uploads\/2011\/04\/Touristikverein-S\u00f6gel-GV-2011.jpg\"><img loading=\"lazy\" decoding=\"async\" aria-describedby=\"caption-attachment-5045\" class=\"size-medium wp-image-5045\" title=\"Touristikverein S\u00f6gel GV 2011\" src=\"https:\/\/www.forum-soegel.de\/information\/wp-content\/uploads\/2011\/04\/Touristikverein-S\u00f6gel-GV-2011-300x225.jpg\" alt=\"\" width=\"300\" height=\"225\" srcset=\"https:\/\/www.forum-soegel.de\/information\/wp-content\/uploads\/2011\/04\/Touristikverein-S\u00f6gel-GV-2011-300x225.jpg 300w, https:\/\/www.forum-soegel.de\/information\/wp-content\/uploads\/2011\/04\/Touristikverein-S\u00f6gel-GV-2011.jpg 1024w\" sizes=\"auto, (max-width: 300px) 100vw, 300px\" \/><\/a><p id=\"caption-attachment-5045\" class=\"wp-caption-text\">Der Vorstand des Touristikvereins S\u00f6gels will gemeinsam mit den Vereinen und der Gemeinde S\u00f6gel den Tourismus voranbringen. V.l.: Stellvertretender Gemeindedirektor Hans Nowak und der Vorstand des Touristikvereins S\u00f6gel mit Gesch\u00e4ftsf\u00fchrer Bernd Sauerbrey, Eckehard John\u00dfen, Willi Deis, Matthias Grohmann, Frank Kla\u00df, Helmut Westermann und Joachim Heeren.<\/p><\/div>\n","protected":false},"excerpt":{"rendered":"G\u00e4stebefragung in dieser Saison \u00a0\u201eWir wollen uns zeitgem\u00e4\u00dfer pr\u00e4sentieren\u201c, so die Worte des ersten Vorsitzenden des bisherigen Fremdenverkehrsvereins S\u00f6gel Matthias Grohmann. Damit einher gehe die Umbenennung des Vereins, die im vergangenen Jahr beschlossen wurde sowie eine Bestimmung eines neuen Logos. Der Vorstand des \u201eTouristikvereines S\u00f6gel\u201c blieb allerdings in seiner bisherigen Besetzung bestehen. Alle \u201eAmtsinhaber\u201c wurden [&hellip;]\n","protected":false},"author":2,"featured_media":0,"comment_status":"closed","ping_status":"closed","sticky":false,"template":"","format":"standard","meta":{"ngg_post_thumbnail":0,"footnotes":""},"categories":[5],"tags":[680,331],"class_list":["post-5044","post","type-post","status-publish","format-standard","hentry","category-was-machen-die-vereine","tag-fremdenverkehrsverein","tag-touristikverein"],"_links":{"self":[{"href":"https:\/\/www.forum-soegel.de\/information\/wp-json\/wp\/v2\/posts\/5044","targetHints":{"allow":["GET"]}}],"collection":[{"href":"https:\/\/www.forum-soegel.de\/information\/wp-json\/wp\/v2\/posts"}],"about":[{"href":"https:\/\/www.forum-soegel.de\/information\/wp-json\/wp\/v2\/types\/post"}],"author":[{"embeddable":true,"href":"https:\/\/www.forum-soegel.de\/information\/wp-json\/wp\/v2\/users\/2"}],"replies":[{"embeddable":true,"href":"https:\/\/www.forum-soegel.de\/information\/wp-json\/wp\/v2\/comments?post=5044"}],"version-history":[{"count":2,"href":"https:\/\/www.forum-soegel.de\/information\/wp-json\/wp\/v2\/posts\/5044\/revisions"}],"predecessor-version":[{"id":5047,"href":"https:\/\/www.forum-soegel.de\/information\/wp-json\/wp\/v2\/posts\/5044\/revisions\/5047"}],"wp:attachment":[{"href":"https:\/\/www.forum-soegel.de\/information\/wp-json\/wp\/v2\/media?parent=5044"}],"wp:term":[{"taxonomy":"category","embeddable":true,"href":"https:\/\/www.forum-soegel.de\/information\/wp-json\/wp\/v2\/categories?post=5044"},{"taxonomy":"post_tag","embeddable":true,"href":"https:\/\/www.forum-soegel.de\/information\/wp-json\/wp\/v2\/tags?post=5044"}],"curies":[{"name":"wp","href":"https:\/\/api.w.org\/{rel}","templated":true}]}}