{"id":5039,"date":"2011-05-01T00:04:14","date_gmt":"2011-04-30T22:04:14","guid":{"rendered":"https:\/\/www.forum-soegel.de\/information\/?p=5039"},"modified":"2011-04-30T10:58:35","modified_gmt":"2011-04-30T08:58:35","slug":"nachwuchsarbeit-hat-hohen-stellenwert","status":"publish","type":"post","link":"https:\/\/www.forum-soegel.de\/information\/2011\/05\/nachwuchsarbeit-hat-hohen-stellenwert\/","title":{"rendered":"Nachwuchsarbeit hat hohen Stellenwert"},"content":{"rendered":"<p><strong>Kolpingkapelle S\u00f6gel traf sich zur Generalversammlung 2011<\/strong><\/p>\n<p>\u201eDie Kolpingkapelle kann wieder auf ein erfolgreiches aber auch arbeitsintensives Jahr zur\u00fcckblicken. Wir haben unsere Auftritte und Veranstaltungen hervorragend gemeistert&#8220;. Zu diesem erfreulichen Res\u00fcmee kam der Vorsitzende Alfons Arling auch im Namen seines Vorstandes zu Beginn der Generalversammlung.<\/p>\n<p>51 Mitglieder der Kolpingkapelle S\u00f6gel trafen sich zur ordentlichen Generalversammlung im Clemenswerther Hof, speziell begr\u00fc\u00dfen konnte Arling die passiven Mitglieder der Kapelle sowie den Pfarrer der katholischen Kirchengemeinde St. Jakobus S\u00f6gel, Pastor Bernhard Horstmann.<\/p>\n<p>In seinem Jahresbericht 2010 erinnerte Arling zun\u00e4chst an das musikalisch abwechslungsreiche barocke Musical auf Schloss Clemenswerth mit dem Titel \u201ekurf\u00fcrstliche Serenade\u201c, unter der Leitung des Dirigenten Hans Hanekamp. Bei den verschiedensten Anl\u00e4ssen bot die Kapelle ihren G\u00e4sten und Zuh\u00f6rern viel Musik f\u00fcr Jung und Alt. Vier Auftritte gab es bei den allj\u00e4hrlichen Karnevalssitzungen der Kolpingkapelle. Das Programm f\u00fcllte den Saal des Clemenswerther Hof mit vielen Zuschauern und das n\u00e4rrische Treiben sorgte f\u00fcr gro\u00dfen Spa\u00df und Vergn\u00fcgen. Gem\u00e4\u00df dem Bericht des Vorsitzenden absolvierten die Musikanten\u00a0 90 Termine im vergangenen Jahr, davon entfielen 35 Termine auf \u00f6ffentliche Auftritte.<\/p>\n<p><strong>Vier neue Mitglieder<\/strong><\/p>\n<p>Nach einer Probezeit konnten mit kr\u00e4ftigem Applaus Sven Robbers, Anna Maria Wimberg, Lea Koldemeyer und Philip Dierkes in die Reihen der Musikanten aufgenommen werden. Arling bedankte sich in diesem Zusammenhang bei Hans Hanekamp, der sehr viel Zeit und Geduld in die F\u00f6rderung des musikalischen Nachwuchses investiert und damit einen unsch\u00e4tzbaren Beitrag zum Fortbestand der Kolpingkapelle S\u00f6gel leistet.<\/p>\n<p>Bei den Vorstandswahlen wurde der Vorsitzende Alfons Arling im Amt best\u00e4tigt, neuer Schriftf\u00fchrer der Kapelle ist Johannes Mielke.<\/p>\n<div id=\"attachment_5040\" style=\"width: 310px\" class=\"wp-caption alignnone\"><a href=\"https:\/\/www.forum-soegel.de\/information\/wp-content\/uploads\/2011\/04\/Generalversammlung-KKs.jpg\"><img loading=\"lazy\" decoding=\"async\" aria-describedby=\"caption-attachment-5040\" class=\"size-medium wp-image-5040\" title=\"Generalversammlung KKs\" src=\"https:\/\/www.forum-soegel.de\/information\/wp-content\/uploads\/2011\/04\/Generalversammlung-KKs-300x199.jpg\" alt=\"\" width=\"300\" height=\"199\" srcset=\"https:\/\/www.forum-soegel.de\/information\/wp-content\/uploads\/2011\/04\/Generalversammlung-KKs-300x199.jpg 300w, https:\/\/www.forum-soegel.de\/information\/wp-content\/uploads\/2011\/04\/Generalversammlung-KKs.jpg 1024w\" sizes=\"auto, (max-width: 300px) 100vw, 300px\" \/><\/a><p id=\"caption-attachment-5040\" class=\"wp-caption-text\">Unser Bild zeigt von rechts nach links: Hans Hanekamp, Anna-Maria Wimberg, Philip Dierkes, Lea Koldemeyer, Sven Robbers und Alfons Arling<\/p><\/div>\n","protected":false},"excerpt":{"rendered":"Kolpingkapelle S\u00f6gel traf sich zur Generalversammlung 2011 \u201eDie Kolpingkapelle kann wieder auf ein erfolgreiches aber auch arbeitsintensives Jahr zur\u00fcckblicken. Wir haben unsere Auftritte und Veranstaltungen hervorragend gemeistert&#8220;. Zu diesem erfreulichen Res\u00fcmee kam der Vorsitzende Alfons Arling auch im Namen seines Vorstandes zu Beginn der Generalversammlung. 51 Mitglieder der Kolpingkapelle S\u00f6gel trafen sich zur ordentlichen Generalversammlung [&hellip;]\n","protected":false},"author":2,"featured_media":0,"comment_status":"closed","ping_status":"closed","sticky":false,"template":"","format":"standard","meta":{"ngg_post_thumbnail":0,"footnotes":""},"categories":[5],"tags":[679,262],"class_list":["post-5039","post","type-post","status-publish","format-standard","hentry","category-was-machen-die-vereine","tag-kks","tag-kolpingkapelle"],"_links":{"self":[{"href":"https:\/\/www.forum-soegel.de\/information\/wp-json\/wp\/v2\/posts\/5039","targetHints":{"allow":["GET"]}}],"collection":[{"href":"https:\/\/www.forum-soegel.de\/information\/wp-json\/wp\/v2\/posts"}],"about":[{"href":"https:\/\/www.forum-soegel.de\/information\/wp-json\/wp\/v2\/types\/post"}],"author":[{"embeddable":true,"href":"https:\/\/www.forum-soegel.de\/information\/wp-json\/wp\/v2\/users\/2"}],"replies":[{"embeddable":true,"href":"https:\/\/www.forum-soegel.de\/information\/wp-json\/wp\/v2\/comments?post=5039"}],"version-history":[{"count":3,"href":"https:\/\/www.forum-soegel.de\/information\/wp-json\/wp\/v2\/posts\/5039\/revisions"}],"predecessor-version":[{"id":5043,"href":"https:\/\/www.forum-soegel.de\/information\/wp-json\/wp\/v2\/posts\/5039\/revisions\/5043"}],"wp:attachment":[{"href":"https:\/\/www.forum-soegel.de\/information\/wp-json\/wp\/v2\/media?parent=5039"}],"wp:term":[{"taxonomy":"category","embeddable":true,"href":"https:\/\/www.forum-soegel.de\/information\/wp-json\/wp\/v2\/categories?post=5039"},{"taxonomy":"post_tag","embeddable":true,"href":"https:\/\/www.forum-soegel.de\/information\/wp-json\/wp\/v2\/tags?post=5039"}],"curies":[{"name":"wp","href":"https:\/\/api.w.org\/{rel}","templated":true}]}}