{"id":5028,"date":"2011-05-01T00:06:04","date_gmt":"2011-04-30T22:06:04","guid":{"rendered":"https:\/\/www.forum-soegel.de\/information\/?p=5028"},"modified":"2011-04-30T10:48:03","modified_gmt":"2011-04-30T08:48:03","slug":"workshop-ein-voller-erfolg","status":"publish","type":"post","link":"https:\/\/www.forum-soegel.de\/information\/2011\/05\/workshop-ein-voller-erfolg\/","title":{"rendered":"Workshop ein voller Erfolg"},"content":{"rendered":"<p><strong>Kunstschule \u201e Tricolor \u201c begeisterte Teilnehmer<\/strong><\/p>\n<p>Der Wochenend &#8211; Workshop \u201e\u00a0 Anspruchsvolle Zeichentechniken \u201c mit dem internationalen K\u00fcnstler Peter Heydeck aus K\u00f6ln hat die Teilnehmer der Kunstschule \u201e Tricolor \u201c in S\u00f6gel voll begeistert. Der Samstag und Sonntag war f\u00fcr uns eine echte Bereicherung f\u00fcr das Erlernen neuer Techniken und f\u00fcr unsere Kreativit\u00e4t, so eine Teilnehmerin.<\/p>\n<p>Nach dieser positiven Resonanz bietet die Kunstschule Tricolor in S\u00f6gel in diesem Jahr 2 weitere Wochenend \u2013 Workshops mit den Themen \u201e Malen wie Bob Ross \u201c\u00a0 und \u201e Aktmalerei \u201c an. Auch hier werden wieder \u00fcberregionale Dozenten mit hohem Bekanntheitsgrad eingesetzt. Anmeldungen werden ab sofort telefonisch oder schriftlich vom Kunstkreis H\u00fcmmling, Tel. 05952 \u2013 99 09 03 oder Postfach 1409, 49746 S\u00f6gel , entgegen genommen. Die Teilnehmerzahl bei beiden Workshops\u00a0 ist auf 10 Teilnehmer begrenzt.<\/p>\n<p>\u00a0<a href=\"https:\/\/www.forum-soegel.de\/information\/wp-content\/uploads\/2011\/04\/Workshop-Trikolor.jpg\"><img loading=\"lazy\" decoding=\"async\" class=\"alignnone size-medium wp-image-5029\" title=\"Workshop Trikolor\" src=\"https:\/\/www.forum-soegel.de\/information\/wp-content\/uploads\/2011\/04\/Workshop-Trikolor-300x225.jpg\" alt=\"\" width=\"300\" height=\"225\" srcset=\"https:\/\/www.forum-soegel.de\/information\/wp-content\/uploads\/2011\/04\/Workshop-Trikolor-300x225.jpg 300w, https:\/\/www.forum-soegel.de\/information\/wp-content\/uploads\/2011\/04\/Workshop-Trikolor.jpg 1024w\" sizes=\"auto, (max-width: 300px) 100vw, 300px\" \/><\/a><\/p>\n","protected":false},"excerpt":{"rendered":"Kunstschule \u201e Tricolor \u201c begeisterte Teilnehmer Der Wochenend &#8211; Workshop \u201e\u00a0 Anspruchsvolle Zeichentechniken \u201c mit dem internationalen K\u00fcnstler Peter Heydeck aus K\u00f6ln hat die Teilnehmer der Kunstschule \u201e Tricolor \u201c in S\u00f6gel voll begeistert. Der Samstag und Sonntag war f\u00fcr uns eine echte Bereicherung f\u00fcr das Erlernen neuer Techniken und f\u00fcr unsere Kreativit\u00e4t, so eine [&hellip;]\n","protected":false},"author":2,"featured_media":0,"comment_status":"closed","ping_status":"closed","sticky":false,"template":"","format":"standard","meta":{"ngg_post_thumbnail":0,"footnotes":""},"categories":[5],"tags":[583,640],"class_list":["post-5028","post","type-post","status-publish","format-standard","hentry","category-was-machen-die-vereine","tag-kunstschule","tag-tricolor"],"_links":{"self":[{"href":"https:\/\/www.forum-soegel.de\/information\/wp-json\/wp\/v2\/posts\/5028","targetHints":{"allow":["GET"]}}],"collection":[{"href":"https:\/\/www.forum-soegel.de\/information\/wp-json\/wp\/v2\/posts"}],"about":[{"href":"https:\/\/www.forum-soegel.de\/information\/wp-json\/wp\/v2\/types\/post"}],"author":[{"embeddable":true,"href":"https:\/\/www.forum-soegel.de\/information\/wp-json\/wp\/v2\/users\/2"}],"replies":[{"embeddable":true,"href":"https:\/\/www.forum-soegel.de\/information\/wp-json\/wp\/v2\/comments?post=5028"}],"version-history":[{"count":2,"href":"https:\/\/www.forum-soegel.de\/information\/wp-json\/wp\/v2\/posts\/5028\/revisions"}],"predecessor-version":[{"id":5031,"href":"https:\/\/www.forum-soegel.de\/information\/wp-json\/wp\/v2\/posts\/5028\/revisions\/5031"}],"wp:attachment":[{"href":"https:\/\/www.forum-soegel.de\/information\/wp-json\/wp\/v2\/media?parent=5028"}],"wp:term":[{"taxonomy":"category","embeddable":true,"href":"https:\/\/www.forum-soegel.de\/information\/wp-json\/wp\/v2\/categories?post=5028"},{"taxonomy":"post_tag","embeddable":true,"href":"https:\/\/www.forum-soegel.de\/information\/wp-json\/wp\/v2\/tags?post=5028"}],"curies":[{"name":"wp","href":"https:\/\/api.w.org\/{rel}","templated":true}]}}