{"id":502,"date":"2010-01-01T13:24:17","date_gmt":"2010-01-01T11:24:17","guid":{"rendered":"https:\/\/www.forum-soegel.de\/information\/?p=502"},"modified":"2010-02-21T13:25:38","modified_gmt":"2010-02-21T11:25:38","slug":"weihnachtsmarkt","status":"publish","type":"post","link":"https:\/\/www.forum-soegel.de\/information\/2010\/01\/weihnachtsmarkt\/","title":{"rendered":"Weihnachtsmarkt"},"content":{"rendered":"<p>Der Weihnachtsmarkt 2009 auf dem Heimathof S\u00f6gel hat gro\u00dfen Anklang gefunden. Die Gemeinde S\u00f6gel bedankt sich sehr herzlich beim Veranstaltungsteam.<\/p>\n","protected":false},"excerpt":{"rendered":"Der Weihnachtsmarkt 2009 auf dem Heimathof S\u00f6gel hat gro\u00dfen Anklang gefunden. Die Gemeinde S\u00f6gel bedankt sich sehr herzlich beim Veranstaltungsteam.\n","protected":false},"author":2,"featured_media":0,"comment_status":"closed","ping_status":"closed","sticky":false,"template":"","format":"standard","meta":{"ngg_post_thumbnail":0,"footnotes":""},"categories":[10],"tags":[81,92],"class_list":["post-502","post","type-post","status-publish","format-standard","hentry","category-rat-und-verwaltung-informieren","tag-heimathof","tag-weihnachtsmarkt"],"_links":{"self":[{"href":"https:\/\/www.forum-soegel.de\/information\/wp-json\/wp\/v2\/posts\/502","targetHints":{"allow":["GET"]}}],"collection":[{"href":"https:\/\/www.forum-soegel.de\/information\/wp-json\/wp\/v2\/posts"}],"about":[{"href":"https:\/\/www.forum-soegel.de\/information\/wp-json\/wp\/v2\/types\/post"}],"author":[{"embeddable":true,"href":"https:\/\/www.forum-soegel.de\/information\/wp-json\/wp\/v2\/users\/2"}],"replies":[{"embeddable":true,"href":"https:\/\/www.forum-soegel.de\/information\/wp-json\/wp\/v2\/comments?post=502"}],"version-history":[{"count":1,"href":"https:\/\/www.forum-soegel.de\/information\/wp-json\/wp\/v2\/posts\/502\/revisions"}],"predecessor-version":[{"id":503,"href":"https:\/\/www.forum-soegel.de\/information\/wp-json\/wp\/v2\/posts\/502\/revisions\/503"}],"wp:attachment":[{"href":"https:\/\/www.forum-soegel.de\/information\/wp-json\/wp\/v2\/media?parent=502"}],"wp:term":[{"taxonomy":"category","embeddable":true,"href":"https:\/\/www.forum-soegel.de\/information\/wp-json\/wp\/v2\/categories?post=502"},{"taxonomy":"post_tag","embeddable":true,"href":"https:\/\/www.forum-soegel.de\/information\/wp-json\/wp\/v2\/tags?post=502"}],"curies":[{"name":"wp","href":"https:\/\/api.w.org\/{rel}","templated":true}]}}