{"id":5012,"date":"2011-05-01T00:05:20","date_gmt":"2011-04-30T22:05:20","guid":{"rendered":"https:\/\/www.forum-soegel.de\/information\/?p=5012"},"modified":"2011-04-30T10:38:39","modified_gmt":"2011-04-30T08:38:39","slug":"grauen-und-idylle","status":"publish","type":"post","link":"https:\/\/www.forum-soegel.de\/information\/2011\/05\/grauen-und-idylle\/","title":{"rendered":"Grauen und Idylle"},"content":{"rendered":"<p><a href=\"https:\/\/www.forum-soegel.de\/information\/wp-content\/uploads\/2011\/04\/IMG_3310.jpg\"><img loading=\"lazy\" decoding=\"async\" class=\"alignleft size-thumbnail wp-image-5013\" title=\"IMG_3310\" src=\"https:\/\/www.forum-soegel.de\/information\/wp-content\/uploads\/2011\/04\/IMG_3310-150x150.jpg\" alt=\"\" width=\"150\" height=\"150\" \/><\/a>Bereits 1933 errichteten die Nazis Konzentrationslager. Eines der ersten bauten sie in der idyllischen Landschaft des Emslandes: das KZ Esterwegen. Es wurde im \u201eDritten Reich\u201c einer der fr\u00fchen Orte von massenhafter Erniedrigung, Qu\u00e4lerei, Folter und Mord.<\/p>\n<p>Der Landkreis Emsland stellt sich der d\u00fcsteren Geschichte, die sich in seinem Gebiet ereignete. Er \u00fcbernahm das Gel\u00e4nde des KZ&#8217;s und entwickelte die Gedenkst\u00e4tte Esterwegen. Sie befindet sich noch im Aufbau. Offizielle Er\u00f6ffnung soll im Oktober diesen Jahres sein.<\/p>\n<p>Gleichwohl konnten Mitglieder des Forums S\u00f6gel die St\u00e4tte besichtigen. Sie wurden von der Leiterin der Gedenkst\u00e4tte, Frau Dr. Andrea Kaltofen, gef\u00fchrt und \u00fcber Details des KZ&#8217;s sowie die Historie der Einrichtung der Gedenkst\u00e4tte sachkundig informiert.<\/p>\n<p>Die in der Zwischenzeit w\u00e4hrend der Nutzung als Bundeswehr Depot wieder entstandene Idylle des Areals infolge Nachwachsens von B\u00e4umen, B\u00fcschen und Blumen wurde durch Entfernen dieses Bewuchses in eine Monotonie der Seelenlosigkeit umgewandelt. Diese mutiert durch rostige Stelen als Torersatz, rostige Stahlw\u00e4nde sowie einen ebensolchen Weg zu einem Sinnbild des Grauens .<\/p>\n<p>Vieles ist noch unfertig. Gedenktafeln und Erinnerungsst\u00fccke aus dem KZ werden das Grauen zwar nicht begreifbar, aber erkennbar, zumindest erahnbar machen. Ein Vorgef\u00fchl hierauf wurde den Besuchern des Forums S\u00f6gel von Frau Dr. Kaltofen vermittelt. Ihr geb\u00fchrt Dank und Anerkennung.<\/p>\n<p>Text\/Foto: Uwe M\u00fcller<\/p>\n<p><a href=\"https:\/\/www.forum-soegel.de\/information\/wp-content\/uploads\/2011\/05\/Esterwegen1.jpg\"><img loading=\"lazy\" decoding=\"async\" class=\"alignnone size-thumbnail wp-image-5015\" title=\"Esterwegen1\" src=\"https:\/\/www.forum-soegel.de\/information\/wp-content\/uploads\/2011\/05\/Esterwegen1-150x150.jpg\" alt=\"\" width=\"150\" height=\"150\" \/><\/a>\u00a0 <a href=\"https:\/\/www.forum-soegel.de\/information\/wp-content\/uploads\/2011\/05\/Esterwegen21.jpg\"><img loading=\"lazy\" decoding=\"async\" class=\"alignnone size-thumbnail wp-image-5017\" title=\"Esterwegen2\" src=\"https:\/\/www.forum-soegel.de\/information\/wp-content\/uploads\/2011\/05\/Esterwegen21-150x150.jpg\" alt=\"\" width=\"150\" height=\"150\" \/><\/a>\u00a0 <a href=\"https:\/\/www.forum-soegel.de\/information\/wp-content\/uploads\/2011\/05\/Esterwegen3.jpg\"><img loading=\"lazy\" decoding=\"async\" class=\"alignnone size-thumbnail wp-image-5018\" title=\"Esterwegen3\" src=\"https:\/\/www.forum-soegel.de\/information\/wp-content\/uploads\/2011\/05\/Esterwegen3-150x150.jpg\" alt=\"\" width=\"150\" height=\"150\" \/><\/a><\/p>\n","protected":false},"excerpt":{"rendered":"Bereits 1933 errichteten die Nazis Konzentrationslager. Eines der ersten bauten sie in der idyllischen Landschaft des Emslandes: das KZ Esterwegen. Es wurde im \u201eDritten Reich\u201c einer der fr\u00fchen Orte von massenhafter Erniedrigung, Qu\u00e4lerei, Folter und Mord. Der Landkreis Emsland stellt sich der d\u00fcsteren Geschichte, die sich in seinem Gebiet ereignete. Er \u00fcbernahm das Gel\u00e4nde des [&hellip;]\n","protected":false},"author":2,"featured_media":0,"comment_status":"closed","ping_status":"closed","sticky":false,"template":"","format":"standard","meta":{"ngg_post_thumbnail":0,"footnotes":""},"categories":[5],"tags":[677],"class_list":["post-5012","post","type-post","status-publish","format-standard","hentry","category-was-machen-die-vereine","tag-konzentrationslager"],"_links":{"self":[{"href":"https:\/\/www.forum-soegel.de\/information\/wp-json\/wp\/v2\/posts\/5012","targetHints":{"allow":["GET"]}}],"collection":[{"href":"https:\/\/www.forum-soegel.de\/information\/wp-json\/wp\/v2\/posts"}],"about":[{"href":"https:\/\/www.forum-soegel.de\/information\/wp-json\/wp\/v2\/types\/post"}],"author":[{"embeddable":true,"href":"https:\/\/www.forum-soegel.de\/information\/wp-json\/wp\/v2\/users\/2"}],"replies":[{"embeddable":true,"href":"https:\/\/www.forum-soegel.de\/information\/wp-json\/wp\/v2\/comments?post=5012"}],"version-history":[{"count":2,"href":"https:\/\/www.forum-soegel.de\/information\/wp-json\/wp\/v2\/posts\/5012\/revisions"}],"predecessor-version":[{"id":5019,"href":"https:\/\/www.forum-soegel.de\/information\/wp-json\/wp\/v2\/posts\/5012\/revisions\/5019"}],"wp:attachment":[{"href":"https:\/\/www.forum-soegel.de\/information\/wp-json\/wp\/v2\/media?parent=5012"}],"wp:term":[{"taxonomy":"category","embeddable":true,"href":"https:\/\/www.forum-soegel.de\/information\/wp-json\/wp\/v2\/categories?post=5012"},{"taxonomy":"post_tag","embeddable":true,"href":"https:\/\/www.forum-soegel.de\/information\/wp-json\/wp\/v2\/tags?post=5012"}],"curies":[{"name":"wp","href":"https:\/\/api.w.org\/{rel}","templated":true}]}}