{"id":5008,"date":"2011-05-01T00:02:28","date_gmt":"2011-04-30T22:02:28","guid":{"rendered":"https:\/\/www.forum-soegel.de\/information\/?p=5008"},"modified":"2011-04-30T10:35:04","modified_gmt":"2011-04-30T08:35:04","slug":"ein-ganz-besonderer-sport-zu-gast-in-sogel","status":"publish","type":"post","link":"https:\/\/www.forum-soegel.de\/information\/2011\/05\/ein-ganz-besonderer-sport-zu-gast-in-sogel\/","title":{"rendered":"Ein ganz besonderer Sport zu Gast in S\u00f6gel"},"content":{"rendered":"<p>Das American-Football-Team des Regionalligisten Bremen Firebirds unter Head Coach Andr\u00e9 Blume absolvierte mit seinen 58 Anh\u00e4ngern ein Trainingslager in der Sportschule Emsland in S\u00f6gel.<\/p>\n<p>Am vergangenen Wochenende bestritten sie einen komplett gef\u00fcllten Trainingsplan, um sich auf die bevorstehende Saison vorzubereiten. Nach vielen anstrengenden Trainingseinheiten Tag f\u00fcr Tag sollte das Gelernte in einem Testspiel in der Praxis umgesetzt werden.<\/p>\n<p>Deshalb hatten die Firebirds das Nachbarteam Oldenburg Knights des VfL Oldenburg zu einer Partie American Football nach S\u00f6gel eingeladen.<\/p>\n<p>Der Head Coach Andr\u00e9 Blume und der Pr\u00e4sident Hans-J\u00fcrgen Balz der Bremer Firebirds zeigten sich von den M\u00f6glichkeiten in S\u00f6gel begeistert. Diese Sportart ist im Emsland noch sehr unbekannt, obwohl hier hervorragende Bedingungen bestehen.<\/p>\n<p>Die Sportschule Emsland hofft, in Zukunft darauf, das Interesse der Sportlerinnen und Sportler im Emsland auch f\u00fcr nicht verbreitete Sportarten zu wecken, bedankt sich f\u00fcr das Vertrauen der Bremen Firebirds und ihren Anh\u00e4ngern und hofft auf eine weitere erfolgreiche Zusammenarbeit.<\/p>\n<p>Text\/Foto: Ingrid Cloppenburg<\/p>\n<p><a href=\"https:\/\/www.forum-soegel.de\/information\/wp-content\/uploads\/2011\/04\/american-football-II.jpg\"><img loading=\"lazy\" decoding=\"async\" class=\"alignnone size-thumbnail wp-image-5009\" title=\"american football II\" src=\"https:\/\/www.forum-soegel.de\/information\/wp-content\/uploads\/2011\/04\/american-football-II-150x150.jpg\" alt=\"\" width=\"150\" height=\"150\" \/><\/a>\u00a0 <a href=\"https:\/\/www.forum-soegel.de\/information\/wp-content\/uploads\/2011\/04\/American-football.jpg\"><img loading=\"lazy\" decoding=\"async\" class=\"alignnone size-thumbnail wp-image-5010\" title=\"American football\" src=\"https:\/\/www.forum-soegel.de\/information\/wp-content\/uploads\/2011\/04\/American-football-150x150.jpg\" alt=\"\" width=\"150\" height=\"150\" \/><\/a><\/p>\n","protected":false},"excerpt":{"rendered":"Das American-Football-Team des Regionalligisten Bremen Firebirds unter Head Coach Andr\u00e9 Blume absolvierte mit seinen 58 Anh\u00e4ngern ein Trainingslager in der Sportschule Emsland in S\u00f6gel. Am vergangenen Wochenende bestritten sie einen komplett gef\u00fcllten Trainingsplan, um sich auf die bevorstehende Saison vorzubereiten. Nach vielen anstrengenden Trainingseinheiten Tag f\u00fcr Tag sollte das Gelernte in einem Testspiel in der [&hellip;]\n","protected":false},"author":2,"featured_media":0,"comment_status":"closed","ping_status":"closed","sticky":false,"template":"","format":"standard","meta":{"ngg_post_thumbnail":0,"footnotes":""},"categories":[5],"tags":[676],"class_list":["post-5008","post","type-post","status-publish","format-standard","hentry","category-was-machen-die-vereine","tag-american-football"],"_links":{"self":[{"href":"https:\/\/www.forum-soegel.de\/information\/wp-json\/wp\/v2\/posts\/5008","targetHints":{"allow":["GET"]}}],"collection":[{"href":"https:\/\/www.forum-soegel.de\/information\/wp-json\/wp\/v2\/posts"}],"about":[{"href":"https:\/\/www.forum-soegel.de\/information\/wp-json\/wp\/v2\/types\/post"}],"author":[{"embeddable":true,"href":"https:\/\/www.forum-soegel.de\/information\/wp-json\/wp\/v2\/users\/2"}],"replies":[{"embeddable":true,"href":"https:\/\/www.forum-soegel.de\/information\/wp-json\/wp\/v2\/comments?post=5008"}],"version-history":[{"count":1,"href":"https:\/\/www.forum-soegel.de\/information\/wp-json\/wp\/v2\/posts\/5008\/revisions"}],"predecessor-version":[{"id":5011,"href":"https:\/\/www.forum-soegel.de\/information\/wp-json\/wp\/v2\/posts\/5008\/revisions\/5011"}],"wp:attachment":[{"href":"https:\/\/www.forum-soegel.de\/information\/wp-json\/wp\/v2\/media?parent=5008"}],"wp:term":[{"taxonomy":"category","embeddable":true,"href":"https:\/\/www.forum-soegel.de\/information\/wp-json\/wp\/v2\/categories?post=5008"},{"taxonomy":"post_tag","embeddable":true,"href":"https:\/\/www.forum-soegel.de\/information\/wp-json\/wp\/v2\/tags?post=5008"}],"curies":[{"name":"wp","href":"https:\/\/api.w.org\/{rel}","templated":true}]}}