{"id":4984,"date":"2011-05-01T00:08:17","date_gmt":"2011-04-30T22:08:17","guid":{"rendered":"https:\/\/www.forum-soegel.de\/information\/?p=4984"},"modified":"2011-04-30T10:12:30","modified_gmt":"2011-04-30T08:12:30","slug":"schule-am-schloss-ermittelt-schulsieger","status":"publish","type":"post","link":"https:\/\/www.forum-soegel.de\/information\/2011\/05\/schule-am-schloss-ermittelt-schulsieger\/","title":{"rendered":"Schule am Schloss ermittelt Schulsieger"},"content":{"rendered":"<p>Es ist inzwischen Tradition, dass die Sparkasse Emsland alle zwei Jahre den plattdeutschen Lesewettbewerb f\u00fcr die allgemein bildenden Schulen ausschreibt, der dann auf Schul-, Kreis-Bezirks- und Landesebene stattfindet und einen wichtigen Beitrag zum Erhalt der plattdeutschen Sprache in unserer Region darstellt.<\/p>\n<p>Im Vorentscheid waren die Klassensieger der Jahrg\u00e4nge 5 \u2013 10 ermittelt worden, die zur Endausscheidung antraten und ihre selbst ausgew\u00e4hlten Texte vortrugen.<\/p>\n<p>Eine von der Organisatorin Angela Eilermann bestellte Jury f\u00e4llte dann ihr Votum, so dass folgende Sch\u00fclerinnen und Sch\u00fcler als Schulsieger ermittelt werden konnten:<\/p>\n<p>In der Altersgruppe 5\/6 konnte sich Martin Geers gegen\u00fcber seinen Mitstreitern durchsetzen. Thomas Schmitz \u00fcberzeugte in der Altersgruppe 7\/8, ebenso Johanna\u00a0 Freerks bei den Sch\u00fclern der Klassen 9 und 10.\u00a0<\/p>\n<p>Inzwischen hat auch der Regionalentscheid stattgefunden, bei dem Thomas Schmitz aus der Klasse 8aR der Schule am Schloss in seiner Jahrgangsgruppe den 1. Platz errungen hat. Thomas darf nun die Schule beim Kreisentscheid am 16. Mai in Meppen vertreten.<\/p>\n<p>Thomas ist der Junge, der im Rollstuhl sitzt.<\/p>\n<p>Text\/Foto Gisela Arling<\/p>\n<div id=\"attachment_4985\" style=\"width: 310px\" class=\"wp-caption alignnone\"><a href=\"https:\/\/www.forum-soegel.de\/information\/wp-content\/uploads\/2011\/04\/Schule-am-Schloss.jpg\"><img loading=\"lazy\" decoding=\"async\" aria-describedby=\"caption-attachment-4985\" class=\"size-medium wp-image-4985\" title=\"Schule am Schloss\" src=\"https:\/\/www.forum-soegel.de\/information\/wp-content\/uploads\/2011\/04\/Schule-am-Schloss-300x160.jpg\" alt=\"\" width=\"300\" height=\"160\" srcset=\"https:\/\/www.forum-soegel.de\/information\/wp-content\/uploads\/2011\/04\/Schule-am-Schloss-300x160.jpg 300w, https:\/\/www.forum-soegel.de\/information\/wp-content\/uploads\/2011\/04\/Schule-am-Schloss.jpg 1024w\" sizes=\"auto, (max-width: 300px) 100vw, 300px\" \/><\/a><p id=\"caption-attachment-4985\" class=\"wp-caption-text\">Das Foto zeigt von links \u2013 hintere Reihe: Angela Eilermann, Jurymitglieder: Lenchen Bruns u. Thekla Schr\u00f6der, Johann Freerks, Jurymitglieder Hermann Kock u. J\u00fcrgen Jansen. Vordere Reihe von links: Thomas Schmitz, Martin Geers u. Schulleiter Lothar Schulz.<\/p><\/div>\n","protected":false},"excerpt":{"rendered":"Es ist inzwischen Tradition, dass die Sparkasse Emsland alle zwei Jahre den plattdeutschen Lesewettbewerb f\u00fcr die allgemein bildenden Schulen ausschreibt, der dann auf Schul-, Kreis-Bezirks- und Landesebene stattfindet und einen wichtigen Beitrag zum Erhalt der plattdeutschen Sprache in unserer Region darstellt. Im Vorentscheid waren die Klassensieger der Jahrg\u00e4nge 5 \u2013 10 ermittelt worden, die zur [&hellip;]\n","protected":false},"author":2,"featured_media":0,"comment_status":"closed","ping_status":"closed","sticky":false,"template":"","format":"standard","meta":{"ngg_post_thumbnail":0,"footnotes":""},"categories":[6],"tags":[673],"class_list":["post-4984","post","type-post","status-publish","format-standard","hentry","category-aus-der-schule-geplaudert","tag-plattdeutsch"],"_links":{"self":[{"href":"https:\/\/www.forum-soegel.de\/information\/wp-json\/wp\/v2\/posts\/4984","targetHints":{"allow":["GET"]}}],"collection":[{"href":"https:\/\/www.forum-soegel.de\/information\/wp-json\/wp\/v2\/posts"}],"about":[{"href":"https:\/\/www.forum-soegel.de\/information\/wp-json\/wp\/v2\/types\/post"}],"author":[{"embeddable":true,"href":"https:\/\/www.forum-soegel.de\/information\/wp-json\/wp\/v2\/users\/2"}],"replies":[{"embeddable":true,"href":"https:\/\/www.forum-soegel.de\/information\/wp-json\/wp\/v2\/comments?post=4984"}],"version-history":[{"count":2,"href":"https:\/\/www.forum-soegel.de\/information\/wp-json\/wp\/v2\/posts\/4984\/revisions"}],"predecessor-version":[{"id":4987,"href":"https:\/\/www.forum-soegel.de\/information\/wp-json\/wp\/v2\/posts\/4984\/revisions\/4987"}],"wp:attachment":[{"href":"https:\/\/www.forum-soegel.de\/information\/wp-json\/wp\/v2\/media?parent=4984"}],"wp:term":[{"taxonomy":"category","embeddable":true,"href":"https:\/\/www.forum-soegel.de\/information\/wp-json\/wp\/v2\/categories?post=4984"},{"taxonomy":"post_tag","embeddable":true,"href":"https:\/\/www.forum-soegel.de\/information\/wp-json\/wp\/v2\/tags?post=4984"}],"curies":[{"name":"wp","href":"https:\/\/api.w.org\/{rel}","templated":true}]}}