{"id":4976,"date":"2011-05-01T00:09:02","date_gmt":"2011-04-30T22:09:02","guid":{"rendered":"https:\/\/www.forum-soegel.de\/information\/?p=4976"},"modified":"2011-04-30T10:01:10","modified_gmt":"2011-04-30T08:01:10","slug":"%e2%80%9enennen-wir-ihn-anna%e2%80%9c","status":"publish","type":"post","link":"https:\/\/www.forum-soegel.de\/information\/2011\/05\/%e2%80%9enennen-wir-ihn-anna%e2%80%9c\/","title":{"rendered":"\u201eNennen wir ihn Anna\u201c"},"content":{"rendered":"<p><strong>Auff\u00fchrung des \u201eTheaterhaus Ensemble Frankfurt am Main\u201c<em><\/em><\/strong><\/p>\n<p>Das Theaterst\u00fcck nach dem gleichnamigen Jugendbuch von Peter Pohl, wurde im M\u00e4rz vom Kulturkreis Clemenswerth auf die B\u00fchne des H\u00fcmmling Gymnasium gebracht.<\/p>\n<p>Es setzt sich mit dem gesellschaftlich brisanten Thema \u201eMobbing\u201c auseinander.<\/p>\n<p>Anders Rose, ein schw\u00e4chlicher Junge wurde im Feriencamp von seinen Kumpels gequ\u00e4lt und erniedrigt. Aus Anders wurde Anna.<\/p>\n<p>Nur Micke, der achtzehnj\u00e4hrige Trainingsleiter hielt zu ihm.<\/p>\n<p>Zur\u00fcck in der Schule ging die Qu\u00e4lerei weiter.<\/p>\n<p>Die Inszenierung kam ohne jegliches B\u00fchnenbild aus. Die f\u00fcnf Schauspieler spielten alle\u00a0 Rollen in diesem St\u00fcck.<\/p>\n<p>Eindr\u00fccklich wurde gezeigt, dass es keine Unbeteiligten in diesem Prozess gibt.<\/p>\n<p>Das St\u00fcck sch\u00e4rfte den Blick f\u00fcr die T\u00e4ter, die Opfer und die unbeteiligt Zusehenden.<\/p>\n<p>Das Ensemble gab mit diesem Theaterst\u00fcck einen starken Impuls, der im Schulalltag aufgegriffen und weiter verarbeitet werden kann.<\/p>\n<p>Text: Elisabeth Beckering<\/p>\n<p>Foto: Klaus Kulkmann<\/p>\n<p><a href=\"https:\/\/www.forum-soegel.de\/information\/wp-content\/uploads\/2011\/04\/Nennen-wir-ihn-Anna.jpg\"><img loading=\"lazy\" decoding=\"async\" class=\"alignnone size-medium wp-image-4977\" title=\"Nennen wir ihn Anna\" src=\"https:\/\/www.forum-soegel.de\/information\/wp-content\/uploads\/2011\/04\/Nennen-wir-ihn-Anna-300x199.jpg\" alt=\"\" width=\"300\" height=\"199\" srcset=\"https:\/\/www.forum-soegel.de\/information\/wp-content\/uploads\/2011\/04\/Nennen-wir-ihn-Anna-300x199.jpg 300w, https:\/\/www.forum-soegel.de\/information\/wp-content\/uploads\/2011\/04\/Nennen-wir-ihn-Anna.jpg 1024w\" sizes=\"auto, (max-width: 300px) 100vw, 300px\" \/><\/a><\/p>\n","protected":false},"excerpt":{"rendered":"Auff\u00fchrung des \u201eTheaterhaus Ensemble Frankfurt am Main\u201c Das Theaterst\u00fcck nach dem gleichnamigen Jugendbuch von Peter Pohl, wurde im M\u00e4rz vom Kulturkreis Clemenswerth auf die B\u00fchne des H\u00fcmmling Gymnasium gebracht. Es setzt sich mit dem gesellschaftlich brisanten Thema \u201eMobbing\u201c auseinander. Anders Rose, ein schw\u00e4chlicher Junge wurde im Feriencamp von seinen Kumpels gequ\u00e4lt und erniedrigt. Aus Anders [&hellip;]\n","protected":false},"author":2,"featured_media":0,"comment_status":"closed","ping_status":"closed","sticky":false,"template":"","format":"standard","meta":{"ngg_post_thumbnail":0,"footnotes":""},"categories":[6],"tags":[509],"class_list":["post-4976","post","type-post","status-publish","format-standard","hentry","category-aus-der-schule-geplaudert","tag-theater"],"_links":{"self":[{"href":"https:\/\/www.forum-soegel.de\/information\/wp-json\/wp\/v2\/posts\/4976","targetHints":{"allow":["GET"]}}],"collection":[{"href":"https:\/\/www.forum-soegel.de\/information\/wp-json\/wp\/v2\/posts"}],"about":[{"href":"https:\/\/www.forum-soegel.de\/information\/wp-json\/wp\/v2\/types\/post"}],"author":[{"embeddable":true,"href":"https:\/\/www.forum-soegel.de\/information\/wp-json\/wp\/v2\/users\/2"}],"replies":[{"embeddable":true,"href":"https:\/\/www.forum-soegel.de\/information\/wp-json\/wp\/v2\/comments?post=4976"}],"version-history":[{"count":2,"href":"https:\/\/www.forum-soegel.de\/information\/wp-json\/wp\/v2\/posts\/4976\/revisions"}],"predecessor-version":[{"id":4979,"href":"https:\/\/www.forum-soegel.de\/information\/wp-json\/wp\/v2\/posts\/4976\/revisions\/4979"}],"wp:attachment":[{"href":"https:\/\/www.forum-soegel.de\/information\/wp-json\/wp\/v2\/media?parent=4976"}],"wp:term":[{"taxonomy":"category","embeddable":true,"href":"https:\/\/www.forum-soegel.de\/information\/wp-json\/wp\/v2\/categories?post=4976"},{"taxonomy":"post_tag","embeddable":true,"href":"https:\/\/www.forum-soegel.de\/information\/wp-json\/wp\/v2\/tags?post=4976"}],"curies":[{"name":"wp","href":"https:\/\/api.w.org\/{rel}","templated":true}]}}