{"id":4966,"date":"2011-05-01T00:02:44","date_gmt":"2011-04-30T22:02:44","guid":{"rendered":"https:\/\/www.forum-soegel.de\/information\/?p=4966"},"modified":"2011-04-30T09:54:15","modified_gmt":"2011-04-30T07:54:15","slug":"sauberer-ort","status":"publish","type":"post","link":"https:\/\/www.forum-soegel.de\/information\/2011\/05\/sauberer-ort\/","title":{"rendered":"Sauberer Ort"},"content":{"rendered":"<p>Sch\u00fcler und Lehrer des H\u00fcmmling-Gymnasiums S\u00f6gel haben in diesen Tagen eine M\u00fcllsammelaktion in S\u00f6gel durchgef\u00fchrt. Die Sch\u00fcler trugen M\u00fcll zusammen, den andere B\u00fcrger achtlos hinterlassen hatten. Damit haben die Sch\u00fcler nicht nur einen Beitrag zur Versch\u00f6nerung des Dorfes geleistet, nebenbei wurde ihnen die gezielte Verantwortung f\u00fcr die Natur vermittelt, so J\u00fcrgen Rolfes von der Samtgemeinde S\u00f6gel, der die Aktion allj\u00e4hrlich betreut. Die Sch\u00fcler fanden entlang des Wegesr\u00e4nder, Stra\u00dfen und Pl\u00e4tze in S\u00f6gel den typischen \u201eUnrat\u201c wie Altreifen, Getr\u00e4nkedosen und Papier. Auff\u00e4llig viele Stellen fanden die Sch\u00fcler auf, an denen Haushalte scheinbar ihren ganzen Haus- und Sperrm\u00fcll entsorgt haben. Diese Stellen haben sie im Ortsplan kenntlich gemacht, damit die Gemeinde S\u00f6gel sich dieser Angelegenheit gemeinsam mit der Polizeistation H\u00fcmmling annehmen kann.<\/p>\n<p>Gegen Mittag kamen die Sch\u00fcler wieder beim H\u00fcmmling-Gymnasium zusammen, wo sie von der Gemeinde in Anerkennung ihres Einsatzes eine kleine St\u00e4rkung erhielten. In der Gemeinde S\u00f6gel sind im Wechsel die ans\u00e4ssigen Schulen im Einsatz. Bevor die jungen Menschen loslegen, erhalten sie jedes Jahr umfangreiche Informationen, worauf beim Sammeln zu achten ist. Die Sammelaktivit\u00e4ten sind auf Stra\u00dfen-, Weg- und Grabenr\u00e4nder beschr\u00e4nkt. Die Gemeinde S\u00f6gel lobte ausdr\u00fccklich den gro\u00dfen Einsatz der Sch\u00fcler und bedankte sich f\u00fcr die geleistete Arbeit f\u00fcr das Gemeinwohl.<\/p>\n<p>Text: IC Foto: Gemeinde S\u00f6gel<\/p>\n<p><a href=\"https:\/\/www.forum-soegel.de\/information\/wp-content\/uploads\/2011\/04\/M\u00fcllsammelaktion-2011.jpg\"><img loading=\"lazy\" decoding=\"async\" class=\"alignnone size-medium wp-image-4967\" title=\"M\u00fcllsammelaktion 2011\" src=\"https:\/\/www.forum-soegel.de\/information\/wp-content\/uploads\/2011\/04\/M\u00fcllsammelaktion-2011-300x225.jpg\" alt=\"\" width=\"300\" height=\"225\" srcset=\"https:\/\/www.forum-soegel.de\/information\/wp-content\/uploads\/2011\/04\/M\u00fcllsammelaktion-2011-300x225.jpg 300w, https:\/\/www.forum-soegel.de\/information\/wp-content\/uploads\/2011\/04\/M\u00fcllsammelaktion-2011.jpg 1024w\" sizes=\"auto, (max-width: 300px) 100vw, 300px\" \/><\/a><\/p>\n","protected":false},"excerpt":{"rendered":"Sch\u00fcler und Lehrer des H\u00fcmmling-Gymnasiums S\u00f6gel haben in diesen Tagen eine M\u00fcllsammelaktion in S\u00f6gel durchgef\u00fchrt. Die Sch\u00fcler trugen M\u00fcll zusammen, den andere B\u00fcrger achtlos hinterlassen hatten. Damit haben die Sch\u00fcler nicht nur einen Beitrag zur Versch\u00f6nerung des Dorfes geleistet, nebenbei wurde ihnen die gezielte Verantwortung f\u00fcr die Natur vermittelt, so J\u00fcrgen Rolfes von der Samtgemeinde [&hellip;]\n","protected":false},"author":2,"featured_media":0,"comment_status":"closed","ping_status":"closed","sticky":false,"template":"","format":"standard","meta":{"ngg_post_thumbnail":0,"footnotes":""},"categories":[6],"tags":[],"class_list":["post-4966","post","type-post","status-publish","format-standard","hentry","category-aus-der-schule-geplaudert"],"_links":{"self":[{"href":"https:\/\/www.forum-soegel.de\/information\/wp-json\/wp\/v2\/posts\/4966","targetHints":{"allow":["GET"]}}],"collection":[{"href":"https:\/\/www.forum-soegel.de\/information\/wp-json\/wp\/v2\/posts"}],"about":[{"href":"https:\/\/www.forum-soegel.de\/information\/wp-json\/wp\/v2\/types\/post"}],"author":[{"embeddable":true,"href":"https:\/\/www.forum-soegel.de\/information\/wp-json\/wp\/v2\/users\/2"}],"replies":[{"embeddable":true,"href":"https:\/\/www.forum-soegel.de\/information\/wp-json\/wp\/v2\/comments?post=4966"}],"version-history":[{"count":1,"href":"https:\/\/www.forum-soegel.de\/information\/wp-json\/wp\/v2\/posts\/4966\/revisions"}],"predecessor-version":[{"id":4968,"href":"https:\/\/www.forum-soegel.de\/information\/wp-json\/wp\/v2\/posts\/4966\/revisions\/4968"}],"wp:attachment":[{"href":"https:\/\/www.forum-soegel.de\/information\/wp-json\/wp\/v2\/media?parent=4966"}],"wp:term":[{"taxonomy":"category","embeddable":true,"href":"https:\/\/www.forum-soegel.de\/information\/wp-json\/wp\/v2\/categories?post=4966"},{"taxonomy":"post_tag","embeddable":true,"href":"https:\/\/www.forum-soegel.de\/information\/wp-json\/wp\/v2\/tags?post=4966"}],"curies":[{"name":"wp","href":"https:\/\/api.w.org\/{rel}","templated":true}]}}