{"id":4961,"date":"2011-05-01T00:04:52","date_gmt":"2011-04-30T22:04:52","guid":{"rendered":"https:\/\/www.forum-soegel.de\/information\/?p=4961"},"modified":"2011-04-30T09:52:02","modified_gmt":"2011-04-30T07:52:02","slug":"grundschule-gr-bersenhuven-erzielte-dritten-platz-bei-landesweitem-wettbewerb","status":"publish","type":"post","link":"https:\/\/www.forum-soegel.de\/information\/2011\/05\/grundschule-gr-bersenhuven-erzielte-dritten-platz-bei-landesweitem-wettbewerb\/","title":{"rendered":"Grundschule Gr. Ber\u00dfen\/H\u00fcven erzielte dritten Platz bei landesweitem Wettbewerb"},"content":{"rendered":"<div class=\"mceTemp\">Anl\u00e4sslich der Landesauszeichnung der Internetatlanten Niedersachsen (Geschichtsatlas), die die Sch\u00fcler der ehemaligen vierten Klasse der Grundschule Gr.Ber\u00dfen\/H\u00fcven erhalten haben, fand in dem Besucherzentrum an der H\u00fcvener M\u00fchle (offizieller Rahmen) und in dem Restaurant \u201eH\u00fcvener M\u00fchle\u201c) eine Feierstunde statt. Zusammen mit dem Projektteam Ursula M\u00f6hlmann und Matthias Wraga haben die Kinder ein Projekt eingereicht zum Thema: \u201eDie H\u00fcvener Wind- und Wasserm\u00fchle\u201c. Mit diesem Projekt belegten sie in Niedersachen den 3.Platz und erhielten eine Urkunde und 500 Euro Preisgeld, von dem die Sch\u00fcler bereits \u00a0f\u00fcr die H\u00e4lfte des Geldes einen Ausflug zur Meyer Werft und einem Bowlingcenter in Papenburg unternommen haben. Der Rest des Geldes kommt der Schule zu Gute und wird f\u00fcr das anstehende Schuljubil\u00e4um verwendet.<\/div>\n<p>Nach einem musikalischen Einstieg der Musik-AG, richtete die Schulleiterin Mechthild Wigbers einige Gru\u00dfworte an die anwesenden G\u00e4ste, besonders begr\u00fc\u00dfte sie die Ehreng\u00e4ste wie den Vertreter des Schultr\u00e4gers, den ersten Samtgemeinderat Hans Nowak, die erste Vorsitzende des F\u00f6rderkreises der H\u00fcvener M\u00fchle und B\u00fcrgermeisterin aus H\u00fcven Hedwig Fust-Sanders und den B\u00fcrgermeister aus Gro\u00df Ber\u00dfen, Reinhard Kurlemann. Auch freute sie sich, dass das Kollegium gemeinsam mit den Funktionstr\u00e4gern der Schule (Klassenelternvertretung\/Ausschussmitglieder), einigen G\u00e4stef\u00fchrern der M\u00fchle und den Ehreng\u00e4sten den Erfolg der Schule in einer kleinen Feierstunde genie\u00dfen konnte. Mit Stolz berichtete sie, dass die Grundschule Gr. Ber\u00dfen\/H\u00fcven bereits den zweiten Wettbewerbserfolg im multimedialen Bereich feiern kann, denn vor einigen Jahren erzielten die Sch\u00fcler ebenfalls einen guten Abschluss mit einem Beitrag zum Literaturatlas. Frau Wigbers betonte dabei nochmals deutlich, dass es schon ein sehr gro\u00dfer Erfolg f\u00fcr die Kinder sei, bei \u00fcber 1700 Grundschulen in Niedersachsen, von denen sicherlich sich auch viele an landesweiten Wettbewerben beteiligen, nun den dritten Platz erzielt zu haben. Ebenfalls sei es gro\u00dfartig, dass die H\u00fcvener M\u00fchle als regionale Sehensw\u00fcrdigkeit nun auch als Projektthema eine landesweite W\u00fcrdigung im Rahmen des Geschichtsatlasses erhalten habe.<\/p>\n<p>Im Anschluss daran begr\u00fc\u00dfte Hans Nowak die Kinder und Eltern und auch er betonte, dass er besonders stolz sei, dass eine Grundschule aus dem Landkreis Emsland einen solchen Gewinn erzielen konnte. Dieses sei eine weitere Auszeichnung der Schule, zu der er eingeladen ist. Hier betonte Hans Nowak deutlich, dass die Schule bereits einige Auszeichnungen erhalten und Wettbewerbe gewonnen habe. F\u00fcr ihn sei die Grundschule Gr.Ber\u00dfen\/H\u00fcven \u201edie beste Schule des Emslandes\u201c. Um den Sch\u00fclern zu danken, \u00fcberreichte er ihnen einen Eisgutschein.<\/p>\n<p>Ebenso bedankte sich Hedwig Fust-Sanders bei den Kindern f\u00fcr ihre umfangreiche Arbeit.<\/p>\n<p>Um den Eltern zu zeigen, welche Aufgaben die Kinder w\u00e4hrend des Projektes geleistet haben, stellte Matthias Wraga, Lehrer der Grundschule, die inhaltlich von den Sch\u00fclern gestaltete Pr\u00e4sentation vor. Hier wurde besonders deutlich, dass die Kinder sich nicht scheuten, bei \u201eWind und Wetter\u201c Exkursionen zur H\u00fcvener M\u00fchle zu unternehmen, um Informationen f\u00fcr ihre Projektarbeit zu sammeln. Hilfe erhielten sie dabei au\u00dferdem von den G\u00e4stef\u00fchrern Rita Kr\u00fc\u00dfel und Klaus Hannok, die mit Rat und Tat zur Seite standen. Die rund 477 Jahre alte M\u00fchle ist die europaweit einzige Wind- und Wasserm\u00fchle, die zudem, nach einer Sanierung im Jahre 2006, noch funktionst\u00fcchtig ist. Au\u00dferdem stellten die Sch\u00fcler im Unterricht die Funktionsweise der M\u00fchle nach, um den Ablauf des Mahlvorgangs besser nachvollziehen zu k\u00f6nnen oder sie backten Br\u00f6tchen aus ihrem selbst gemahlenen Mehl. Ebenso verfassten die Kinder Gedichte rund um die M\u00fchle. Matthias Wraga erw\u00e4hnte, dass dieses Projekt zwar viel Arbeit in Anspruch genommen, aber den Kindern und auch Lehrern viel Spa\u00df bereitet habe.<\/p>\n<p>Zum Abschluss wurde das zum Thema passende Lied \u201eEs klappert die M\u00fchle am rauschenden Bach\u201c von den Sch\u00fclern der Musik-AG gesungen.<\/p>\n<p>Maria Efken.<\/p>\n<div style=\"width: 310px\" class=\"wp-caption alignnone\"><a href=\"https:\/\/www.forum-soegel.de\/information\/wp-content\/uploads\/2011\/04\/Landesauszeichnung1.jpg\"><img loading=\"lazy\" decoding=\"async\" title=\"Landesauszeichnung1\" src=\"https:\/\/www.forum-soegel.de\/information\/wp-content\/uploads\/2011\/04\/Landesauszeichnung1-300x225.jpg\" alt=\"\" width=\"300\" height=\"225\" \/><\/a><p class=\"wp-caption-text\">Die Kinder der vierten Klasse des Schuljahres 2009\/10 zusammen mit v.l. Hans Nowak (erster Samtgemeinderat), Rita Kr\u00fc\u00dfel (G\u00e4stef\u00fchrerin), Hedwig Fust-Sanders (erste Vorsitzende des F\u00f6rderkreises der H\u00fcvener M\u00fchle und B\u00fcrgermeisterin von H\u00fcven), Reinhard Kurlemann (B\u00fcrgermeister von Gro\u00df Ber\u00dfen), Matthias Wraga und Ursula M\u00f6hlmann (Lehrkr\u00e4fte und Projektteam), Klaus Hannok (G\u00e4stef\u00fchrer) und Mechtild Wigbers (Schulleiterin) vor der H\u00fcvener M\u00fchle. <\/p><\/div>\n","protected":false},"excerpt":{"rendered":"Anl\u00e4sslich der Landesauszeichnung der Internetatlanten Niedersachsen (Geschichtsatlas), die die Sch\u00fcler der ehemaligen vierten Klasse der Grundschule Gr.Ber\u00dfen\/H\u00fcven erhalten haben, fand in dem Besucherzentrum an der H\u00fcvener M\u00fchle (offizieller Rahmen) und in dem Restaurant \u201eH\u00fcvener M\u00fchle\u201c) eine Feierstunde statt. Zusammen mit dem Projektteam Ursula M\u00f6hlmann und Matthias Wraga haben die Kinder ein Projekt eingereicht zum Thema: [&hellip;]\n","protected":false},"author":2,"featured_media":0,"comment_status":"closed","ping_status":"closed","sticky":false,"template":"","format":"standard","meta":{"ngg_post_thumbnail":0,"footnotes":""},"categories":[6],"tags":[],"class_list":["post-4961","post","type-post","status-publish","format-standard","hentry","category-aus-der-schule-geplaudert"],"_links":{"self":[{"href":"https:\/\/www.forum-soegel.de\/information\/wp-json\/wp\/v2\/posts\/4961","targetHints":{"allow":["GET"]}}],"collection":[{"href":"https:\/\/www.forum-soegel.de\/information\/wp-json\/wp\/v2\/posts"}],"about":[{"href":"https:\/\/www.forum-soegel.de\/information\/wp-json\/wp\/v2\/types\/post"}],"author":[{"embeddable":true,"href":"https:\/\/www.forum-soegel.de\/information\/wp-json\/wp\/v2\/users\/2"}],"replies":[{"embeddable":true,"href":"https:\/\/www.forum-soegel.de\/information\/wp-json\/wp\/v2\/comments?post=4961"}],"version-history":[{"count":3,"href":"https:\/\/www.forum-soegel.de\/information\/wp-json\/wp\/v2\/posts\/4961\/revisions"}],"predecessor-version":[{"id":4964,"href":"https:\/\/www.forum-soegel.de\/information\/wp-json\/wp\/v2\/posts\/4961\/revisions\/4964"}],"wp:attachment":[{"href":"https:\/\/www.forum-soegel.de\/information\/wp-json\/wp\/v2\/media?parent=4961"}],"wp:term":[{"taxonomy":"category","embeddable":true,"href":"https:\/\/www.forum-soegel.de\/information\/wp-json\/wp\/v2\/categories?post=4961"},{"taxonomy":"post_tag","embeddable":true,"href":"https:\/\/www.forum-soegel.de\/information\/wp-json\/wp\/v2\/tags?post=4961"}],"curies":[{"name":"wp","href":"https:\/\/api.w.org\/{rel}","templated":true}]}}