{"id":4952,"date":"2011-05-01T00:07:36","date_gmt":"2011-04-30T22:07:36","guid":{"rendered":"https:\/\/www.forum-soegel.de\/information\/?p=4952"},"modified":"2011-04-30T09:42:24","modified_gmt":"2011-04-30T07:42:24","slug":"schuler-schlupfen-in-die-rolle-von-politikern","status":"publish","type":"post","link":"https:\/\/www.forum-soegel.de\/information\/2011\/05\/schuler-schlupfen-in-die-rolle-von-politikern\/","title":{"rendered":"Sch\u00fcler schl\u00fcpfen in die Rolle von Politikern"},"content":{"rendered":"<p><strong>Klasse 10bR der Schule am Schloss mit \u00fcberzeugendem Rollenspiel<\/strong><\/p>\n<p>\u00a0\u201eWir machen ein Rollenspiel\u201c, mit diesen Worten leitete Frau Lau , die Physiklehrerin der Klasse 10bR, ein interessantes Projekt in die Wege, bei dem die Sch\u00fcler sich in das Jahr 2020 hineinversetzen und sich vorstellen sollten, dass \u00a0\u00a0in Marienberg ein Kernkraftwerk errichtet werden soll. \u00a0\u00a0<\/p>\n<p>Daf\u00fcr teilte sie die Sch\u00fcler in 7 Gruppen ein: eine Journalisten-Gruppe, zust\u00e4ndig f\u00fcr\u00a0 Interviews und Berichte, zwei Gruppen, die den Bau eines Kernkraftwerkes bef\u00fcrworten,\u00a0 zwei Gruppen, die dieses Vorhaben ablehnen, eine neutrale Gruppe, die mit wissenschaftlichen Erkenntnissen beratend zur Seite steht und eine Gruppe, die f\u00fcr die Organisation einer Konferenz zust\u00e4ndig ist und die Entscheidung treffen muss, ob das geplante Kernkraftwerk zukunftsf\u00e4hig ist.<\/p>\n<p>\u00dcber vier Wochen haben die Sch\u00fcler \u00a0zum Thema \u201eKernkraft\u201c\u00a0 recherchiert und sich Hintergrundwissen verschafft. Dazu z\u00e4hlte auch der Besuch\u00a0 des Kernkraftwerkes in Lingen.<\/p>\n<p>Um\u00a0 letztendlich zum H\u00f6hepunkt und Abschluss der Arbeit zu kommen,\u00a0 hatte die Organisationsgruppe\u00a0 zum 01.03.2011 alle Gremien zu einer Konferenz \u00a0in den Sitzungssaal des S\u00f6geler Rathauses\u00a0 eingeladen, wo sie als Team und \u00a0mithilfe ihres Improvisationstalents die\u00a0 einge\u00fcbten Rollen\u00a0 vertraten.<\/p>\n<p>Wie im richtigen Leben \u2013 gekleidet wie die echten Politiker und Kernkraftgegner &#8211; standen sich die schwer miteinander in Einklang zu bringende Gruppen gegen\u00fcber und vermittelten\u00a0 mit logisch erscheinenden Argumenten und professioneller Vortragstechnik ihre Standpunkte. Es wurde eine heftige Debatte gef\u00fchrt, die letztendlich deutlich machte, dass der Ausstieg aus der Kernkraft nicht von heute auf morgen umzusetzen ist. Die Sch\u00fcler \u00fcberzeugten sich und ihre Lehrerin durch professionelles Auftreten im coolen Look und mit handfesten Argumenten.<\/p>\n<p>Es war eine tolle Erfahrung f\u00fcr sie, den Klassenraum gegen einen authentischen Ort, den Sitzungssaal des Rathauses, zu tauschen, um dort frei zu sprechen, die Anliegen und sich selbst zu pr\u00e4sentieren, sowie sich in andere hineinzuversetzen. \u00a0<\/p>\n<p>Text: Gisela Arling \u00a0Foto: Klaus Kulkmann<\/p>\n<p><a href=\"https:\/\/www.forum-soegel.de\/information\/wp-content\/uploads\/2011\/04\/sc\u00fcler-scl\u00fcpfen1.jpg\"><img loading=\"lazy\" decoding=\"async\" class=\"alignnone size-thumbnail wp-image-4953\" title=\"sc\u00fcler scl\u00fcpfen1\" src=\"https:\/\/www.forum-soegel.de\/information\/wp-content\/uploads\/2011\/04\/sc\u00fcler-scl\u00fcpfen1-150x150.jpg\" alt=\"\" width=\"150\" height=\"150\" \/><\/a>\u00a0 <a href=\"https:\/\/www.forum-soegel.de\/information\/wp-content\/uploads\/2011\/04\/sc\u00fcler-schl\u00fcpfen2.jpg\"><img loading=\"lazy\" decoding=\"async\" class=\"alignnone size-thumbnail wp-image-4954\" title=\"sc\u00fcler schl\u00fcpfen2\" src=\"https:\/\/www.forum-soegel.de\/information\/wp-content\/uploads\/2011\/04\/sc\u00fcler-schl\u00fcpfen2-150x150.jpg\" alt=\"\" width=\"150\" height=\"150\" \/><\/a><\/p>\n","protected":false},"excerpt":{"rendered":"Klasse 10bR der Schule am Schloss mit \u00fcberzeugendem Rollenspiel \u00a0\u201eWir machen ein Rollenspiel\u201c, mit diesen Worten leitete Frau Lau , die Physiklehrerin der Klasse 10bR, ein interessantes Projekt in die Wege, bei dem die Sch\u00fcler sich in das Jahr 2020 hineinversetzen und sich vorstellen sollten, dass \u00a0\u00a0in Marienberg ein Kernkraftwerk errichtet werden soll. \u00a0\u00a0 Daf\u00fcr [&hellip;]\n","protected":false},"author":2,"featured_media":0,"comment_status":"closed","ping_status":"closed","sticky":false,"template":"","format":"standard","meta":{"ngg_post_thumbnail":0,"footnotes":""},"categories":[6],"tags":[],"class_list":["post-4952","post","type-post","status-publish","format-standard","hentry","category-aus-der-schule-geplaudert"],"_links":{"self":[{"href":"https:\/\/www.forum-soegel.de\/information\/wp-json\/wp\/v2\/posts\/4952","targetHints":{"allow":["GET"]}}],"collection":[{"href":"https:\/\/www.forum-soegel.de\/information\/wp-json\/wp\/v2\/posts"}],"about":[{"href":"https:\/\/www.forum-soegel.de\/information\/wp-json\/wp\/v2\/types\/post"}],"author":[{"embeddable":true,"href":"https:\/\/www.forum-soegel.de\/information\/wp-json\/wp\/v2\/users\/2"}],"replies":[{"embeddable":true,"href":"https:\/\/www.forum-soegel.de\/information\/wp-json\/wp\/v2\/comments?post=4952"}],"version-history":[{"count":2,"href":"https:\/\/www.forum-soegel.de\/information\/wp-json\/wp\/v2\/posts\/4952\/revisions"}],"predecessor-version":[{"id":4956,"href":"https:\/\/www.forum-soegel.de\/information\/wp-json\/wp\/v2\/posts\/4952\/revisions\/4956"}],"wp:attachment":[{"href":"https:\/\/www.forum-soegel.de\/information\/wp-json\/wp\/v2\/media?parent=4952"}],"wp:term":[{"taxonomy":"category","embeddable":true,"href":"https:\/\/www.forum-soegel.de\/information\/wp-json\/wp\/v2\/categories?post=4952"},{"taxonomy":"post_tag","embeddable":true,"href":"https:\/\/www.forum-soegel.de\/information\/wp-json\/wp\/v2\/tags?post=4952"}],"curies":[{"name":"wp","href":"https:\/\/api.w.org\/{rel}","templated":true}]}}