{"id":495,"date":"2010-01-01T13:18:42","date_gmt":"2010-01-01T11:18:42","guid":{"rendered":"https:\/\/www.forum-soegel.de\/information\/?p=495"},"modified":"2010-02-21T13:22:37","modified_gmt":"2010-02-21T11:22:37","slug":"gleichstellungsbeauftragte-annelen-abeln-lud-zum-aktionstag-nein-zu-gewalt-an-frauen-ins-heimathaus-ein","status":"publish","type":"post","link":"https:\/\/www.forum-soegel.de\/information\/2010\/01\/gleichstellungsbeauftragte-annelen-abeln-lud-zum-aktionstag-nein-zu-gewalt-an-frauen-ins-heimathaus-ein\/","title":{"rendered":"Gleichstellungsbeauftragte Annelen Abeln lud zum Aktionstag &#8220;Nein zu Gewalt an Frauen&#8220; ins Heimathaus ein."},"content":{"rendered":"<p>Aus Anlass des Aktionstages, &#8220;Frei Leben, ohne Gewalt&#8220;, der Organisation &#8220;Terre des femmes&#8220; fand im Heimathaus eine Informationsveranstaltung statt. Irena B\u00fcntemeyer vom Psychologischen Beratungszentrum f\u00fcr Papenburg und S\u00f6gel berichtete im Rahmen dieser Veranstaltung davon, dass es noch immer Gewalt an Frauen in deutschen Familien gibt. B\u00fcntemeyer weiter: &#8220;F\u00fcr Frauen bedeutet die Gewalt, dass sie sich in einem permanenten Schockzustand befinden und den Fokus nur noch darauf richten, ihrem Partner alles Recht zu machen&#8220;.<br \/>\nMit solchen Aktionstagen und gemeinsam mit der Beratungs- und Interventionsstelle (BISS) wird nun versucht, diese Gewaltspirale zu durchbrechen. Der n\u00e4chste Aktionstag findet am 25. November 2010 statt.<\/p>\n<p>Erster Samtgemeinderat Hans Nowak und Gleichstellungsbeauftragte Annelen Abeln pr\u00e4sentieren die von der Menschenrechtsorganisation TERRE DES FEMMES herausgegebene Fahne.<\/p>\n","protected":false},"excerpt":{"rendered":"Aus Anlass des Aktionstages, &#8220;Frei Leben, ohne Gewalt&#8220;, der Organisation &#8220;Terre des femmes&#8220; fand im Heimathaus eine Informationsveranstaltung statt. Irena B\u00fcntemeyer vom Psychologischen Beratungszentrum f\u00fcr Papenburg und S\u00f6gel berichtete im Rahmen dieser Veranstaltung davon, dass es noch immer Gewalt an Frauen in deutschen Familien gibt. B\u00fcntemeyer weiter: &#8220;F\u00fcr Frauen bedeutet die Gewalt, dass sie sich [&hellip;]\n","protected":false},"author":2,"featured_media":0,"comment_status":"closed","ping_status":"closed","sticky":false,"template":"","format":"standard","meta":{"ngg_post_thumbnail":0,"footnotes":""},"categories":[10],"tags":[89,90],"class_list":["post-495","post","type-post","status-publish","format-standard","hentry","category-rat-und-verwaltung-informieren","tag-gleichstellungsbeauftragte","tag-terre-des-femmes"],"_links":{"self":[{"href":"https:\/\/www.forum-soegel.de\/information\/wp-json\/wp\/v2\/posts\/495","targetHints":{"allow":["GET"]}}],"collection":[{"href":"https:\/\/www.forum-soegel.de\/information\/wp-json\/wp\/v2\/posts"}],"about":[{"href":"https:\/\/www.forum-soegel.de\/information\/wp-json\/wp\/v2\/types\/post"}],"author":[{"embeddable":true,"href":"https:\/\/www.forum-soegel.de\/information\/wp-json\/wp\/v2\/users\/2"}],"replies":[{"embeddable":true,"href":"https:\/\/www.forum-soegel.de\/information\/wp-json\/wp\/v2\/comments?post=495"}],"version-history":[{"count":4,"href":"https:\/\/www.forum-soegel.de\/information\/wp-json\/wp\/v2\/posts\/495\/revisions"}],"predecessor-version":[{"id":499,"href":"https:\/\/www.forum-soegel.de\/information\/wp-json\/wp\/v2\/posts\/495\/revisions\/499"}],"wp:attachment":[{"href":"https:\/\/www.forum-soegel.de\/information\/wp-json\/wp\/v2\/media?parent=495"}],"wp:term":[{"taxonomy":"category","embeddable":true,"href":"https:\/\/www.forum-soegel.de\/information\/wp-json\/wp\/v2\/categories?post=495"},{"taxonomy":"post_tag","embeddable":true,"href":"https:\/\/www.forum-soegel.de\/information\/wp-json\/wp\/v2\/tags?post=495"}],"curies":[{"name":"wp","href":"https:\/\/api.w.org\/{rel}","templated":true}]}}