{"id":4949,"date":"2011-05-01T00:34:52","date_gmt":"2011-04-30T22:34:52","guid":{"rendered":"https:\/\/www.forum-soegel.de\/information\/?p=4949"},"modified":"2011-04-30T09:37:17","modified_gmt":"2011-04-30T07:37:17","slug":"nach-50-jahren-in-den-ruhestand","status":"publish","type":"post","link":"https:\/\/www.forum-soegel.de\/information\/2011\/05\/nach-50-jahren-in-den-ruhestand\/","title":{"rendered":"Nach 50 Jahren in den Ruhestand"},"content":{"rendered":"<div id=\"attachment_4950\" style=\"width: 310px\" class=\"wp-caption alignnone\"><a href=\"https:\/\/www.forum-soegel.de\/information\/wp-content\/uploads\/2011\/04\/marianne-schw\u00f6r.jpg\"><img loading=\"lazy\" decoding=\"async\" aria-describedby=\"caption-attachment-4950\" class=\"size-medium wp-image-4950\" title=\"marianne schw\u00f6r\" src=\"https:\/\/www.forum-soegel.de\/information\/wp-content\/uploads\/2011\/04\/marianne-schw\u00f6r-300x225.jpg\" alt=\"\" width=\"300\" height=\"225\" srcset=\"https:\/\/www.forum-soegel.de\/information\/wp-content\/uploads\/2011\/04\/marianne-schw\u00f6r-300x225.jpg 300w, https:\/\/www.forum-soegel.de\/information\/wp-content\/uploads\/2011\/04\/marianne-schw\u00f6r.jpg 640w\" sizes=\"auto, (max-width: 300px) 100vw, 300px\" \/><\/a><p id=\"caption-attachment-4950\" class=\"wp-caption-text\">Unser Foto zeigt von rechts Hans Nowak, 1. SG-Rat; Marianne und Heinrich Schr\u00f6er; Mechthild Wigbers, Schulleiterin; Rita Wester, Gemeinde H\u00fcven.<\/p><\/div>\n<p>Marianne Schr\u00f6er aus H\u00fcven wurde k\u00fcrzlich im Rahmen einer kleinen Feierstunde In den wohlverdienten Ruhestand verabschiedet. Sie war \u00fcber 50 Jahre als Raumpflegerin an der Grundschule H\u00fcven, jetzt Grundschule Gro\u00df Ber\u00dfen\/H\u00fcven besch\u00e4ftigt.<\/p>\n<p>Hans Nowak, 1. SG-Rat und Mechthild Wigbers, Schulleiterin, bedankten sich bei Schr\u00f6er f\u00fcr die geleistete Arbeit und w\u00fcnschten ihr f\u00fcr die Zukunft Gesundheit und Zufriedenheit.<\/p>\n<p>Text\/ Foto: Rita Wester<\/p>\n","protected":false},"excerpt":{"rendered":"Marianne Schr\u00f6er aus H\u00fcven wurde k\u00fcrzlich im Rahmen einer kleinen Feierstunde In den wohlverdienten Ruhestand verabschiedet. Sie war \u00fcber 50 Jahre als Raumpflegerin an der Grundschule H\u00fcven, jetzt Grundschule Gro\u00df Ber\u00dfen\/H\u00fcven besch\u00e4ftigt. Hans Nowak, 1. SG-Rat und Mechthild Wigbers, Schulleiterin, bedankten sich bei Schr\u00f6er f\u00fcr die geleistete Arbeit und w\u00fcnschten ihr f\u00fcr die Zukunft Gesundheit [&hellip;]\n","protected":false},"author":2,"featured_media":0,"comment_status":"closed","ping_status":"closed","sticky":false,"template":"","format":"standard","meta":{"ngg_post_thumbnail":0,"footnotes":""},"categories":[6],"tags":[],"class_list":["post-4949","post","type-post","status-publish","format-standard","hentry","category-aus-der-schule-geplaudert"],"_links":{"self":[{"href":"https:\/\/www.forum-soegel.de\/information\/wp-json\/wp\/v2\/posts\/4949","targetHints":{"allow":["GET"]}}],"collection":[{"href":"https:\/\/www.forum-soegel.de\/information\/wp-json\/wp\/v2\/posts"}],"about":[{"href":"https:\/\/www.forum-soegel.de\/information\/wp-json\/wp\/v2\/types\/post"}],"author":[{"embeddable":true,"href":"https:\/\/www.forum-soegel.de\/information\/wp-json\/wp\/v2\/users\/2"}],"replies":[{"embeddable":true,"href":"https:\/\/www.forum-soegel.de\/information\/wp-json\/wp\/v2\/comments?post=4949"}],"version-history":[{"count":1,"href":"https:\/\/www.forum-soegel.de\/information\/wp-json\/wp\/v2\/posts\/4949\/revisions"}],"predecessor-version":[{"id":4951,"href":"https:\/\/www.forum-soegel.de\/information\/wp-json\/wp\/v2\/posts\/4949\/revisions\/4951"}],"wp:attachment":[{"href":"https:\/\/www.forum-soegel.de\/information\/wp-json\/wp\/v2\/media?parent=4949"}],"wp:term":[{"taxonomy":"category","embeddable":true,"href":"https:\/\/www.forum-soegel.de\/information\/wp-json\/wp\/v2\/categories?post=4949"},{"taxonomy":"post_tag","embeddable":true,"href":"https:\/\/www.forum-soegel.de\/information\/wp-json\/wp\/v2\/tags?post=4949"}],"curies":[{"name":"wp","href":"https:\/\/api.w.org\/{rel}","templated":true}]}}