{"id":4941,"date":"2011-05-01T00:29:10","date_gmt":"2011-04-30T22:29:10","guid":{"rendered":"https:\/\/www.forum-soegel.de\/information\/?p=4941"},"modified":"2011-04-30T09:34:17","modified_gmt":"2011-04-30T07:34:17","slug":"%e2%80%9eist-oma-jetzt-im-himmel%e2%80%9c","status":"publish","type":"post","link":"https:\/\/www.forum-soegel.de\/information\/2011\/05\/%e2%80%9eist-oma-jetzt-im-himmel%e2%80%9c\/","title":{"rendered":"\u201eIst Oma jetzt im Himmel?\u201c"},"content":{"rendered":"<p><strong>Besuch der Ausstellung \u201eEin Koffer f\u00fcr die letzte Reise\u201c und des Themennachmittages<\/strong><\/p>\n<p>F\u00fcr die Sch\u00fclerinnen und Sch\u00fcler der 3. und 4. Klasse der Grundschule Gro\u00df Ber\u00dfen\/H\u00fcven und f\u00fcr die Kinder einer Katechetengruppe aus Werpeloh stand der Dienstagnachmittag, 15.03.2011, unter einem ganz\u00a0 anderen Motto. Die Kinder besch\u00e4ftigten sich an einer freiwilligen Nachmittagsveranstaltung gemeinsam mit einigen Religionslehrkr\u00e4ften und Katechetinnen mit dem Thema Tod. An der freiwilligen Veranstaltung der Grundschule nahmen ein Gro\u00dfteil der Sch\u00fclerinnen und Sch\u00fcler und einige Eltern teil.<\/p>\n<p>&#8222;Ist Oma jetzt im Himmel&#8220;\u00a0so lautete das Thema des Gespr\u00e4chsnachmittages unter der Leitung von Frau Mariane Schleper, Trauerbegleiterin\u00a0 der Psychologischen Beratungsstelle in Meppen.<\/p>\n<p>\u00a0Der Tod geh\u00f6rt zum Leben dazu. Menschen trauern auf ganz unterschiedliche Weise. Den Tod begreifen und das Leben sp\u00fcren &#8211; Was bedeutet das f\u00fcr Kinder?<\/p>\n<p>Die meisten Kinder haben schon den Tod eines Haustieres, oder aber auch eines Freundes, der Oma oder des Opas und manchmal auch eines ganz nahen Familenmitgliedes, der Mama, des Papas oder eines Geschwisterteils erlebt. Trauer\u00a0hat viele Gesichter. Es gibt kein richtig und kein falsch. Alle Gef\u00fchle sind erlaubt: Angst, Trauer, Wut, Einsamkeit, Sprachlosigkeit.\u00a0<\/p>\n<p>Um\u00a0 sich mit dem Tabuthema Trauer\u00a0\u00a0auseinderzusetzen, fand im Rahmen der Ausstellung : &#8222;Ein Koffer f\u00fcr die letzte Reise&#8220; ein Nachmittag f\u00fcr Kinder mit der Frage: &#8222;Ist Oma jetzt im Himmel?&#8220; statt.<\/p>\n<p>Frau Marianne Schleper k\u00fcmmert sich als Trauerbegleiterin seit 10 Jahren um Kindertrauergruppen in der Psychologischen Beratungsstelle in Meppen.<\/p>\n<p>Eingef\u00fchrt wurde das Thema mit dem Film: &#8222;Abschied von der H\u00fclle&#8220;. Der Film wurde im Bestattungshaus von Fritz Roth gedreht und in der \u201eSendung mit der Maus\u201c ausgestrahlt. Im Anschluss an diese Einf\u00fchrung hatten die Kinder die M\u00f6glichkeit, \u00a0in einem Stuhlkreis mitten zwischen den Koffern und einem Kraftplatz in der Mitte\u00a0das Thema sp\u00fcrbar zu erleben.\u00a0<\/p>\n<p><strong>Dieser Kraftplatz<\/strong><strong> <\/strong><strong>war ausgestattet mit <\/strong>einem Deckchen, einer Regenbogenkerze \u00a0als \u00a0Zeichen der Hoffnung,\u00a0 zwei Klangschalen zum Ankommen, \u00a0einem gro\u00dfen und\u00a0 kleinen Tr\u00e4nchen als Trauerbegleiter, der alle Gef\u00fchle kennt, und der Rose von Jericho &#8211; einer W\u00fcstenpflanze, die jahrelang ohne Wasser auskommt, verd\u00f6rrt, scheinbar ohne Leben mit Wasser sich entfaltet\u00a0 und ein starkes Symbol f\u00fcr Trauer ist.\u00a0 Hier wurden nicht nur Gespr\u00e4che, sondern auch handlungsorientierte \u00dcbungen (z.B. mit der Klangschale) durchgef\u00fchrt.<\/p>\n<p>In der Geschichte: \u00a0&#8222;Abschied von der kleinen Raupe&#8220;\u00a0 ging es um eine kleine Schnecke und die Umwandlung ihrer Freundin, der Raupe, in einen Schmetterling. Hier erlebt die Schnecke den Abschied von der Raupe. Die Raupe lebt allerdings als Schmetteling weiter. In einer K\u00f6rper\u00fcbung\u00a0konnten die Kinder die Wandlungserfahrung der Raupe zum Schmetterling aktiv und hochmotiviert erfahren.<\/p>\n<p>Der Nachmittag endete mit einem interessanten und informativen Rundgang durch die Kofferausstellung\u00a0mit dem Leiter der Jugendbildungsst\u00e4tte des Marstalls Clemenswerth, Michael Strodt.<\/p>\n<p>Die Sch\u00fclerinnen und Sch\u00fcler waren zum Teil sehr ergriffen von den Erz\u00e4hlungen der Trauerbegleiterin, konnten jedoch sicherlich eine ver\u00e4nderte Wahrnehmung und einen ver\u00e4nderten Umgang mit dem Tod mitnehmen. Mechthild Wigbers, Schulleiterin der Grundschule Gro\u00df Ber\u00dfen\/H\u00fcven, kann sich gut eine Fortsetzung der Themenreihe mit der Trauerbegleiterin Marianne Schleper vorstellen, da sie durch ihre Gespr\u00e4chsf\u00fchrung und die praktischen Inhalte den Kindern das Thema Tod nahebringt, den Tod begreifen und das Leben sp\u00fcren lernt.\u00a0<\/p>\n<p>Text\/Foto: Mechthild Wigbers<\/p>\n<p><a href=\"https:\/\/www.forum-soegel.de\/information\/wp-content\/uploads\/2011\/04\/ist-oma-im-2.jpg\"><img loading=\"lazy\" decoding=\"async\" class=\"alignnone size-thumbnail wp-image-4942\" title=\"ist oma im 2\" src=\"https:\/\/www.forum-soegel.de\/information\/wp-content\/uploads\/2011\/04\/ist-oma-im-2-150x150.jpg\" alt=\"\" width=\"150\" height=\"150\" \/><\/a>\u00a0 <a href=\"https:\/\/www.forum-soegel.de\/information\/wp-content\/uploads\/2011\/04\/ist-oma-im-3.jpg\"><img loading=\"lazy\" decoding=\"async\" class=\"alignnone size-thumbnail wp-image-4943\" title=\"ist oma im 3\" src=\"https:\/\/www.forum-soegel.de\/information\/wp-content\/uploads\/2011\/04\/ist-oma-im-3-150x150.jpg\" alt=\"\" width=\"150\" height=\"150\" \/><\/a>\u00a0 <a href=\"https:\/\/www.forum-soegel.de\/information\/wp-content\/uploads\/2011\/04\/IstOmajetztimHimmel.jpg\"><img loading=\"lazy\" decoding=\"async\" class=\"alignnone size-thumbnail wp-image-4944\" title=\"IstOmajetztimHimmel\" src=\"https:\/\/www.forum-soegel.de\/information\/wp-content\/uploads\/2011\/04\/IstOmajetztimHimmel-150x150.jpg\" alt=\"\" width=\"150\" height=\"150\" \/><\/a><\/p>\n","protected":false},"excerpt":{"rendered":"Besuch der Ausstellung \u201eEin Koffer f\u00fcr die letzte Reise\u201c und des Themennachmittages F\u00fcr die Sch\u00fclerinnen und Sch\u00fcler der 3. und 4. Klasse der Grundschule Gro\u00df Ber\u00dfen\/H\u00fcven und f\u00fcr die Kinder einer Katechetengruppe aus Werpeloh stand der Dienstagnachmittag, 15.03.2011, unter einem ganz\u00a0 anderen Motto. Die Kinder besch\u00e4ftigten sich an einer freiwilligen Nachmittagsveranstaltung gemeinsam mit einigen Religionslehrkr\u00e4ften [&hellip;]\n","protected":false},"author":2,"featured_media":0,"comment_status":"closed","ping_status":"closed","sticky":false,"template":"","format":"standard","meta":{"ngg_post_thumbnail":0,"footnotes":""},"categories":[6],"tags":[],"class_list":["post-4941","post","type-post","status-publish","format-standard","hentry","category-aus-der-schule-geplaudert"],"_links":{"self":[{"href":"https:\/\/www.forum-soegel.de\/information\/wp-json\/wp\/v2\/posts\/4941","targetHints":{"allow":["GET"]}}],"collection":[{"href":"https:\/\/www.forum-soegel.de\/information\/wp-json\/wp\/v2\/posts"}],"about":[{"href":"https:\/\/www.forum-soegel.de\/information\/wp-json\/wp\/v2\/types\/post"}],"author":[{"embeddable":true,"href":"https:\/\/www.forum-soegel.de\/information\/wp-json\/wp\/v2\/users\/2"}],"replies":[{"embeddable":true,"href":"https:\/\/www.forum-soegel.de\/information\/wp-json\/wp\/v2\/comments?post=4941"}],"version-history":[{"count":4,"href":"https:\/\/www.forum-soegel.de\/information\/wp-json\/wp\/v2\/posts\/4941\/revisions"}],"predecessor-version":[{"id":4947,"href":"https:\/\/www.forum-soegel.de\/information\/wp-json\/wp\/v2\/posts\/4941\/revisions\/4947"}],"wp:attachment":[{"href":"https:\/\/www.forum-soegel.de\/information\/wp-json\/wp\/v2\/media?parent=4941"}],"wp:term":[{"taxonomy":"category","embeddable":true,"href":"https:\/\/www.forum-soegel.de\/information\/wp-json\/wp\/v2\/categories?post=4941"},{"taxonomy":"post_tag","embeddable":true,"href":"https:\/\/www.forum-soegel.de\/information\/wp-json\/wp\/v2\/tags?post=4941"}],"curies":[{"name":"wp","href":"https:\/\/api.w.org\/{rel}","templated":true}]}}