{"id":4929,"date":"2011-05-01T00:12:21","date_gmt":"2011-04-30T22:12:21","guid":{"rendered":"https:\/\/www.forum-soegel.de\/information\/?p=4929"},"modified":"2011-04-30T09:19:44","modified_gmt":"2011-04-30T07:19:44","slug":"%e2%80%9elesen-spielen-leute-treffen%e2%80%9c","status":"publish","type":"post","link":"https:\/\/www.forum-soegel.de\/information\/2011\/05\/%e2%80%9elesen-spielen-leute-treffen%e2%80%9c\/","title":{"rendered":"\u201eLesen-spielen-Leute treffen\u201c"},"content":{"rendered":"<p><strong>lautet seit vielen Jahren die Werbezeile f\u00fcr Katholische \u00d6ffentliche B\u00fcchereien \u201eK\u00d6B\u201c .<\/strong><\/p>\n<p>Eine Katholische \u00d6ffentliche B\u00fccherei bietet sich als Kommunikationsort in kirchlicher Tr\u00e4gerschaft an und tr\u00e4gt zum Bild der lebenden Pfarrgemeinde bei.<\/p>\n<p>Hier geschieht Lesef\u00f6rderung im besten Sinn f\u00fcr alle Altersstufen.<\/p>\n<p>Unser Medienangebot ist sehr vielseitig.<\/p>\n<p>Dieses Angebot ist nur durch den ehrenamtlichen Einsatz engagierter Menschen m\u00f6glich.<\/p>\n<p>B\u00fcchereiarbeit gelingt am besten im Team aus den Menschen verschiedener Altersstufen.<\/p>\n<p>Die B\u00fccherei S\u00f6gel verf\u00fcgt \u00fcber ein ganz tolles Team von 17 ehrenamtlichen Mitarbeitern.<\/p>\n<p>Jeder kann seine F\u00e4higkeiten einbringen und Aufgaben \u00fcbernehmen.<\/p>\n<p>Sie haben Lust auf was Neues, Spa\u00df mit den B\u00fcchern und der Kontakt zu den Lesern ist Ihnen ein besonderes Anliegen ?<\/p>\n<p>Wer bei uns ehrenamtlich mit arbeiten m\u00f6chte, ist jederzeit herzlich willkommen !!!<\/p>\n<p>Damit Sie unsere Medienangebote noch mehr nutzen k\u00f6nnen, hat sich das B\u00fcchereiteam entschlossen, die seit Jahren gewohnten \u00d6ffnungszeiten zu erweitern.<\/p>\n<p><strong>Ab dem 01. Mai 2011 haben wir f\u00fcr Sie \/ Euch ge\u00f6ffnet am:<\/strong><\/p>\n<p><strong>Montag\u00a0\u00a0\u00a0\u00a0\u00a0\u00a0\u00a0\u00a0 von 10.00 Uhr bis 13.30 Uhr<\/strong><\/p>\n<p><strong>Dienstag\u00a0\u00a0\u00a0\u00a0\u00a0\u00a0 von 16.00 Uhr bis 18.00 Uhr<\/strong><\/p>\n<p><strong>Mittwoch\u00a0\u00a0\u00a0\u00a0\u00a0 von 16.00 Uhr bis 18.00 Uhr<\/strong><\/p>\n<p><strong>Donnerstag\u00a0\u00a0 von 16.00 Uhr bis 18.00 Uhr<\/strong><\/p>\n<p><strong>Der Freitag entf\u00e4llt, daf\u00fcr haben wir Dienstags und\u00a0 Donnerstags zus\u00e4tzlich ge\u00f6ffnet, so dass wir jetzt 4 x die Woche f\u00fcr Sie \/ Euch erreichbar sind.<\/strong><\/p>\n<p><strong>Ihre \/ Eure Meinung hierzu interessiert uns sehr.<\/strong><\/p>\n<p><strong>Auf eine gute Zusammenarbeit und viel Lesevergn\u00fcgen, das B\u00fcchereiteam!<\/strong><\/p>\n<p>Text: \u00a0B\u00fcchereiteam Angelika Hespe<\/p>\n","protected":false},"excerpt":{"rendered":"lautet seit vielen Jahren die Werbezeile f\u00fcr Katholische \u00d6ffentliche B\u00fcchereien \u201eK\u00d6B\u201c . Eine Katholische \u00d6ffentliche B\u00fccherei bietet sich als Kommunikationsort in kirchlicher Tr\u00e4gerschaft an und tr\u00e4gt zum Bild der lebenden Pfarrgemeinde bei. Hier geschieht Lesef\u00f6rderung im besten Sinn f\u00fcr alle Altersstufen. Unser Medienangebot ist sehr vielseitig. Dieses Angebot ist nur durch den ehrenamtlichen Einsatz engagierter [&hellip;]\n","protected":false},"author":2,"featured_media":0,"comment_status":"closed","ping_status":"closed","sticky":false,"template":"","format":"standard","meta":{"ngg_post_thumbnail":0,"footnotes":""},"categories":[8],"tags":[150],"class_list":["post-4929","post","type-post","status-publish","format-standard","hentry","category-gut-zu-wissen","tag-kob-sogel"],"_links":{"self":[{"href":"https:\/\/www.forum-soegel.de\/information\/wp-json\/wp\/v2\/posts\/4929","targetHints":{"allow":["GET"]}}],"collection":[{"href":"https:\/\/www.forum-soegel.de\/information\/wp-json\/wp\/v2\/posts"}],"about":[{"href":"https:\/\/www.forum-soegel.de\/information\/wp-json\/wp\/v2\/types\/post"}],"author":[{"embeddable":true,"href":"https:\/\/www.forum-soegel.de\/information\/wp-json\/wp\/v2\/users\/2"}],"replies":[{"embeddable":true,"href":"https:\/\/www.forum-soegel.de\/information\/wp-json\/wp\/v2\/comments?post=4929"}],"version-history":[{"count":4,"href":"https:\/\/www.forum-soegel.de\/information\/wp-json\/wp\/v2\/posts\/4929\/revisions"}],"predecessor-version":[{"id":4932,"href":"https:\/\/www.forum-soegel.de\/information\/wp-json\/wp\/v2\/posts\/4929\/revisions\/4932"}],"wp:attachment":[{"href":"https:\/\/www.forum-soegel.de\/information\/wp-json\/wp\/v2\/media?parent=4929"}],"wp:term":[{"taxonomy":"category","embeddable":true,"href":"https:\/\/www.forum-soegel.de\/information\/wp-json\/wp\/v2\/categories?post=4929"},{"taxonomy":"post_tag","embeddable":true,"href":"https:\/\/www.forum-soegel.de\/information\/wp-json\/wp\/v2\/tags?post=4929"}],"curies":[{"name":"wp","href":"https:\/\/api.w.org\/{rel}","templated":true}]}}