{"id":4920,"date":"2011-05-01T00:08:52","date_gmt":"2011-04-30T22:08:52","guid":{"rendered":"https:\/\/www.forum-soegel.de\/information\/?p=4920"},"modified":"2011-04-29T20:50:02","modified_gmt":"2011-04-29T18:50:02","slug":"kapazitat-der-hotelbetten-aufgestockt","status":"publish","type":"post","link":"https:\/\/www.forum-soegel.de\/information\/2011\/05\/kapazitat-der-hotelbetten-aufgestockt\/","title":{"rendered":"Kapazit\u00e4t der Hotelbetten aufgestockt"},"content":{"rendered":"<p>\u00a0\u201eEigentlich wollten wir es unseren Kindern \u00fcberlassen, das zweite Obergeschoss unseres Hotels sp\u00e4ter einmal auszubauen\u201c, schmunzelte Ulrike und Wolfgang L\u00fccken, Eigent\u00fcmer des Hotels \u201eWobus\u201c auf dem J\u00e4gerhof in S\u00f6gel. Doch angesichts der best\u00e4ndigen Nachfrage nach \u00dcbernachtungsm\u00f6glichkeiten habe die Familie den Ausbau schon in diesem Jahr durchgef\u00fchrt.<\/p>\n<p>Landtagsabgeordneter Bernd Busemann (CDU)\u00a0 und Samtgemeindeb\u00fcrgermeister G\u00fcnter Wigbers verschafften sich bei einer Stippvisite einen \u00dcberblick \u00fcber den neuen \u201eBettentrakt\u201c. Die Einrichtungsarbeiten neigten sich dem Abschluss entgegen<\/p>\n<p>\u00a0\u201eHier l\u00e4sst es sich sicherlich gut erholen\u201c, sagte Busemann angesichts der gro\u00dfen hellen Hotelzimmer, die, so Busemann, in harmonischen Farbkombinationen modern und praktisch eingerichtet wurden. Insgesamt wurden 11 neue Zimmer mit 13 Betten neu hergerichtet.<\/p>\n<p>Wigbers freute sich insbesondere \u00fcber die Erh\u00f6hung der Bettenkapazit\u00e4ten in S\u00f6gel. \u201eSo k\u00f6nnen wir den regul\u00e4ren Bedarf an Hotelbetten endlich wieder decken.\u201c Angesichts der stetig steigenden \u00dcbernachtungsanfragen sei mit der Erweiterung der Hotelanlage \u201eWobus\u201c ein voranschreiten der \u201ewei\u00dfen Industrie\u201c in S\u00f6gel weiter m\u00f6glich.<\/p>\n<p>Wolfgang L\u00fccken nutzte die Gelegenheit, um auf den aktuellen Fachkr\u00e4ftemangel in der Hotel- und Restaurantbranche hinzuweisen. Mit der Erweiterung des Hotels gehe auch ein erh\u00f6hter Personalbedarf einher. \u201eDoch heutzutage gute K\u00f6che oder Hotelangestellte zu finden, gleicht schon fast der Suche nach der Nadel im Heuhaufen\u201c.<\/p>\n<p>Das Hotel \u201eWobus\u201c ist im Jahr 2005 vom Unternehmerehepaar L\u00fccken erbaut worden. Es liegt in unmittelbarer Nachbarschaft des Stammhauses \u201eHotel J\u00e4gerhof\u201c. Die S\u00f6geler Reithalle schlie\u00dft am Hotelgel\u00e4nde an. Ebenfalls angrenzend liegt die Indoor-Schie\u00dfanlage und das Jagdgesch\u00e4ft Sunder.\u00a0\u00a0 \u00a0<\/p>\n<p>Text: IC Foto: Gemeinde S\u00f6gel<\/p>\n<p><a href=\"https:\/\/www.forum-soegel.de\/information\/wp-content\/uploads\/2011\/04\/Wobus-Busemann.jpg\"><img loading=\"lazy\" decoding=\"async\" class=\"alignnone size-medium wp-image-4921\" title=\"Wobus Busemann\" src=\"https:\/\/www.forum-soegel.de\/information\/wp-content\/uploads\/2011\/04\/Wobus-Busemann-300x225.jpg\" alt=\"\" width=\"300\" height=\"225\" srcset=\"https:\/\/www.forum-soegel.de\/information\/wp-content\/uploads\/2011\/04\/Wobus-Busemann-300x225.jpg 300w, https:\/\/www.forum-soegel.de\/information\/wp-content\/uploads\/2011\/04\/Wobus-Busemann.jpg 1024w\" sizes=\"auto, (max-width: 300px) 100vw, 300px\" \/><\/a><\/p>\n","protected":false},"excerpt":{"rendered":"\u00a0\u201eEigentlich wollten wir es unseren Kindern \u00fcberlassen, das zweite Obergeschoss unseres Hotels sp\u00e4ter einmal auszubauen\u201c, schmunzelte Ulrike und Wolfgang L\u00fccken, Eigent\u00fcmer des Hotels \u201eWobus\u201c auf dem J\u00e4gerhof in S\u00f6gel. Doch angesichts der best\u00e4ndigen Nachfrage nach \u00dcbernachtungsm\u00f6glichkeiten habe die Familie den Ausbau schon in diesem Jahr durchgef\u00fchrt. Landtagsabgeordneter Bernd Busemann (CDU)\u00a0 und Samtgemeindeb\u00fcrgermeister G\u00fcnter Wigbers verschafften [&hellip;]\n","protected":false},"author":2,"featured_media":0,"comment_status":"closed","ping_status":"closed","sticky":false,"template":"","format":"standard","meta":{"ngg_post_thumbnail":0,"footnotes":""},"categories":[4],"tags":[33,666],"class_list":["post-4920","post","type-post","status-publish","format-standard","hentry","category-aus-der-geschaftswelt","tag-jagerhof","tag-wobus"],"_links":{"self":[{"href":"https:\/\/www.forum-soegel.de\/information\/wp-json\/wp\/v2\/posts\/4920","targetHints":{"allow":["GET"]}}],"collection":[{"href":"https:\/\/www.forum-soegel.de\/information\/wp-json\/wp\/v2\/posts"}],"about":[{"href":"https:\/\/www.forum-soegel.de\/information\/wp-json\/wp\/v2\/types\/post"}],"author":[{"embeddable":true,"href":"https:\/\/www.forum-soegel.de\/information\/wp-json\/wp\/v2\/users\/2"}],"replies":[{"embeddable":true,"href":"https:\/\/www.forum-soegel.de\/information\/wp-json\/wp\/v2\/comments?post=4920"}],"version-history":[{"count":1,"href":"https:\/\/www.forum-soegel.de\/information\/wp-json\/wp\/v2\/posts\/4920\/revisions"}],"predecessor-version":[{"id":4922,"href":"https:\/\/www.forum-soegel.de\/information\/wp-json\/wp\/v2\/posts\/4920\/revisions\/4922"}],"wp:attachment":[{"href":"https:\/\/www.forum-soegel.de\/information\/wp-json\/wp\/v2\/media?parent=4920"}],"wp:term":[{"taxonomy":"category","embeddable":true,"href":"https:\/\/www.forum-soegel.de\/information\/wp-json\/wp\/v2\/categories?post=4920"},{"taxonomy":"post_tag","embeddable":true,"href":"https:\/\/www.forum-soegel.de\/information\/wp-json\/wp\/v2\/tags?post=4920"}],"curies":[{"name":"wp","href":"https:\/\/api.w.org\/{rel}","templated":true}]}}