{"id":4916,"date":"2011-05-01T00:06:00","date_gmt":"2011-04-30T22:06:00","guid":{"rendered":"https:\/\/www.forum-soegel.de\/information\/?p=4916"},"modified":"2011-05-29T17:24:37","modified_gmt":"2011-05-29T15:24:37","slug":"hummlinger-hofspezialitaten","status":"publish","type":"post","link":"https:\/\/www.forum-soegel.de\/information\/2011\/05\/hummlinger-hofspezialitaten\/","title":{"rendered":"H\u00fcmmlinger Hofspezialit\u00e4ten"},"content":{"rendered":"<p><a href=\"https:\/\/www.forum-soegel.de\/information\/wp-content\/uploads\/2011\/05\/gut-zu-wissen.jpg\"><img loading=\"lazy\" decoding=\"async\" class=\"alignleft size-thumbnail wp-image-5244\" title=\"gut zu wissen\" src=\"https:\/\/www.forum-soegel.de\/information\/wp-content\/uploads\/2011\/05\/gut-zu-wissen-150x150.jpg\" alt=\"\" width=\"150\" height=\"150\" \/><\/a>Am 1. April er\u00f6ffnete Maria Rolfes\u00a0 ihren kleinen, aber feinen \u201eHofladen\u201c.<\/p>\n<p>Das Sortiment umfasst regionale Spezialit\u00e4ten direkt vom H\u00fcmmling.<\/p>\n<p>Dazu geh\u00f6ren u.a. Schinken und Wurstwaren, Honigprodukte, Brotbackmischungen sowie diverse Kr\u00e4utertees oder Senfspezialit\u00e4ten.<\/p>\n<p>Diese Produkte eignen sich auch f\u00fcr Pr\u00e4sentk\u00f6rbe und werden dem zur Folge auch von Maria Rolfes angeboten.<\/p>\n<p>Die \u00d6ffnungszeiten: Di &#8211; Fr. 15:00 bis 18:00 Uhr, Samstags von 10:00\u00a0 bis 12:00 Uhr.<\/p>\n<p>Sie finden den Hofladen im Amtsvogtweg 42 in S\u00f6gel tel. 05952 1300 oder 0162 9172936<\/p>\n<p>Text\/Foto: KS<\/p>\n<p><a href=\"https:\/\/www.forum-soegel.de\/information\/wp-content\/uploads\/2011\/04\/H\u00fcmmlinger-Hofspezialit\u00e4ten.jpg\"><img loading=\"lazy\" decoding=\"async\" class=\"alignnone size-medium wp-image-4917\" title=\"H\u00fcmmlinger Hofspezialit\u00e4ten\" src=\"https:\/\/www.forum-soegel.de\/information\/wp-content\/uploads\/2011\/04\/H\u00fcmmlinger-Hofspezialit\u00e4ten-300x225.jpg\" alt=\"\" width=\"300\" height=\"225\" srcset=\"https:\/\/www.forum-soegel.de\/information\/wp-content\/uploads\/2011\/04\/H\u00fcmmlinger-Hofspezialit\u00e4ten-300x225.jpg 300w, https:\/\/www.forum-soegel.de\/information\/wp-content\/uploads\/2011\/04\/H\u00fcmmlinger-Hofspezialit\u00e4ten.jpg 1024w\" sizes=\"auto, (max-width: 300px) 100vw, 300px\" \/><\/a><\/p>\n","protected":false},"excerpt":{"rendered":"Am 1. April er\u00f6ffnete Maria Rolfes\u00a0 ihren kleinen, aber feinen \u201eHofladen\u201c. Das Sortiment umfasst regionale Spezialit\u00e4ten direkt vom H\u00fcmmling. Dazu geh\u00f6ren u.a. Schinken und Wurstwaren, Honigprodukte, Brotbackmischungen sowie diverse Kr\u00e4utertees oder Senfspezialit\u00e4ten. Diese Produkte eignen sich auch f\u00fcr Pr\u00e4sentk\u00f6rbe und werden dem zur Folge auch von Maria Rolfes angeboten. Die \u00d6ffnungszeiten: Di &#8211; Fr. 15:00 [&hellip;]\n","protected":false},"author":2,"featured_media":0,"comment_status":"closed","ping_status":"closed","sticky":false,"template":"","format":"standard","meta":{"ngg_post_thumbnail":0,"footnotes":""},"categories":[4],"tags":[],"class_list":["post-4916","post","type-post","status-publish","format-standard","hentry","category-aus-der-geschaftswelt"],"_links":{"self":[{"href":"https:\/\/www.forum-soegel.de\/information\/wp-json\/wp\/v2\/posts\/4916","targetHints":{"allow":["GET"]}}],"collection":[{"href":"https:\/\/www.forum-soegel.de\/information\/wp-json\/wp\/v2\/posts"}],"about":[{"href":"https:\/\/www.forum-soegel.de\/information\/wp-json\/wp\/v2\/types\/post"}],"author":[{"embeddable":true,"href":"https:\/\/www.forum-soegel.de\/information\/wp-json\/wp\/v2\/users\/2"}],"replies":[{"embeddable":true,"href":"https:\/\/www.forum-soegel.de\/information\/wp-json\/wp\/v2\/comments?post=4916"}],"version-history":[{"count":4,"href":"https:\/\/www.forum-soegel.de\/information\/wp-json\/wp\/v2\/posts\/4916\/revisions"}],"predecessor-version":[{"id":4919,"href":"https:\/\/www.forum-soegel.de\/information\/wp-json\/wp\/v2\/posts\/4916\/revisions\/4919"}],"wp:attachment":[{"href":"https:\/\/www.forum-soegel.de\/information\/wp-json\/wp\/v2\/media?parent=4916"}],"wp:term":[{"taxonomy":"category","embeddable":true,"href":"https:\/\/www.forum-soegel.de\/information\/wp-json\/wp\/v2\/categories?post=4916"},{"taxonomy":"post_tag","embeddable":true,"href":"https:\/\/www.forum-soegel.de\/information\/wp-json\/wp\/v2\/tags?post=4916"}],"curies":[{"name":"wp","href":"https:\/\/api.w.org\/{rel}","templated":true}]}}