{"id":4910,"date":"2011-05-01T00:02:09","date_gmt":"2011-04-30T22:02:09","guid":{"rendered":"https:\/\/www.forum-soegel.de\/information\/?p=4910"},"modified":"2011-04-29T20:43:04","modified_gmt":"2011-04-29T18:43:04","slug":"alles-dreht-sich-um-die-sonne","status":"publish","type":"post","link":"https:\/\/www.forum-soegel.de\/information\/2011\/05\/alles-dreht-sich-um-die-sonne\/","title":{"rendered":"Alles dreht sich um die Sonne"},"content":{"rendered":"<p><strong>\u00a01. Solarwochenende am 14. und 15. Mai in S\u00f6gel<em><\/em><\/strong><\/p>\n<p>Im Rahmen der bundesweiten Solarkampagne \u201eWoche der Sonne\u201c l\u00e4dt die Firma Helbich Photovoltaik am 14. und 15. Mai jeweils von 11 bis 18 Uhr zum ersten Solarwochenende in den R\u00e4umen der Physiotherapie-Praxis Reaktiv Sprenkel, Wahner Stra\u00dfe 10 in S\u00f6gel ein: Die Besucher k\u00f6nnen die von Helbich Photovoltaik installierte PV-Anlage bei Reaktiv Sprenkel besichtigen und sich \u00fcber die Vorteile, Technik und Inbetriebnahme einer Solaranlage informieren. So werden zum Beispiel verschiedene Montagesysteme vorgestellt und eine kostenlose Schulung zur Installation einer PV-Anlage angeboten. Des Weiteren sind Filmvorf\u00fchrungen, Info-Vortr\u00e4ge sowie Plakat- und Fotoausstellungen geplant. Au\u00dferdem verlost Helbich Photovoltaik unter allen Besuchern attraktive Gewinne.<\/p>\n<p>Weitere Infos unter <a href=\"https:\/\/www.helbich-photovoltaik.de\/\">www.helbich-photovoltaik.de\/<\/a> oder 05952\/990946.<\/p>\n<p>Die Woche der Sonne findet vom 06. bis 15. Mai statt und ist mit mehreren tausend Veranstaltungen Deutschlands gr\u00f6\u00dfte Solarkampagne. \u00a0\u00a0\u00a0\u00a0\u00a0\u00a0\u00a0\u00a0\u00a0\u00a0\u00a0\u00a0\u00a0\u00a0\u00a0\u00a0\u00a0\u00a0\u00a0\u00a0\u00a0\u00a0\u00a0\u00a0\u00a0\u00a0<\/p>\n<p>Text: Christian Helbich<\/p>\n","protected":false},"excerpt":{"rendered":"\u00a01. Solarwochenende am 14. und 15. Mai in S\u00f6gel Im Rahmen der bundesweiten Solarkampagne \u201eWoche der Sonne\u201c l\u00e4dt die Firma Helbich Photovoltaik am 14. und 15. Mai jeweils von 11 bis 18 Uhr zum ersten Solarwochenende in den R\u00e4umen der Physiotherapie-Praxis Reaktiv Sprenkel, Wahner Stra\u00dfe 10 in S\u00f6gel ein: Die Besucher k\u00f6nnen die von Helbich [&hellip;]\n","protected":false},"author":2,"featured_media":0,"comment_status":"closed","ping_status":"closed","sticky":false,"template":"","format":"standard","meta":{"ngg_post_thumbnail":0,"footnotes":""},"categories":[4],"tags":[664],"class_list":["post-4910","post","type-post","status-publish","format-standard","hentry","category-aus-der-geschaftswelt","tag-solarenergie"],"_links":{"self":[{"href":"https:\/\/www.forum-soegel.de\/information\/wp-json\/wp\/v2\/posts\/4910","targetHints":{"allow":["GET"]}}],"collection":[{"href":"https:\/\/www.forum-soegel.de\/information\/wp-json\/wp\/v2\/posts"}],"about":[{"href":"https:\/\/www.forum-soegel.de\/information\/wp-json\/wp\/v2\/types\/post"}],"author":[{"embeddable":true,"href":"https:\/\/www.forum-soegel.de\/information\/wp-json\/wp\/v2\/users\/2"}],"replies":[{"embeddable":true,"href":"https:\/\/www.forum-soegel.de\/information\/wp-json\/wp\/v2\/comments?post=4910"}],"version-history":[{"count":1,"href":"https:\/\/www.forum-soegel.de\/information\/wp-json\/wp\/v2\/posts\/4910\/revisions"}],"predecessor-version":[{"id":4911,"href":"https:\/\/www.forum-soegel.de\/information\/wp-json\/wp\/v2\/posts\/4910\/revisions\/4911"}],"wp:attachment":[{"href":"https:\/\/www.forum-soegel.de\/information\/wp-json\/wp\/v2\/media?parent=4910"}],"wp:term":[{"taxonomy":"category","embeddable":true,"href":"https:\/\/www.forum-soegel.de\/information\/wp-json\/wp\/v2\/categories?post=4910"},{"taxonomy":"post_tag","embeddable":true,"href":"https:\/\/www.forum-soegel.de\/information\/wp-json\/wp\/v2\/tags?post=4910"}],"curies":[{"name":"wp","href":"https:\/\/api.w.org\/{rel}","templated":true}]}}