{"id":491,"date":"2010-01-01T13:15:38","date_gmt":"2010-01-01T11:15:38","guid":{"rendered":"https:\/\/www.forum-soegel.de\/information\/?p=491"},"modified":"2010-02-21T13:17:07","modified_gmt":"2010-02-21T11:17:07","slug":"unternehmergesprach","status":"publish","type":"post","link":"https:\/\/www.forum-soegel.de\/information\/2010\/01\/unternehmergesprach\/","title":{"rendered":"Unternehmergespr\u00e4ch"},"content":{"rendered":"<p>Im halbj\u00e4hrigen Turnus finden im S\u00f6geler Rathaus Unternehmergespr\u00e4che statt. Beim gut besuchten Unternehmergespr\u00e4ch im November stellte der Leiter der Papenburger und S\u00f6geler Dienststelle der Bundesagentur f\u00fcr Arbeit, Helmut Stavermann, den Unternehmer\/innen einen \u00dcberblick \u00fcber das Dienstleistungsangebot seines Hauses vor.<\/p>\n","protected":false},"excerpt":{"rendered":"Im halbj\u00e4hrigen Turnus finden im S\u00f6geler Rathaus Unternehmergespr\u00e4che statt. Beim gut besuchten Unternehmergespr\u00e4ch im November stellte der Leiter der Papenburger und S\u00f6geler Dienststelle der Bundesagentur f\u00fcr Arbeit, Helmut Stavermann, den Unternehmer\/innen einen \u00dcberblick \u00fcber das Dienstleistungsangebot seines Hauses vor.\n","protected":false},"author":2,"featured_media":0,"comment_status":"closed","ping_status":"closed","sticky":false,"template":"","format":"standard","meta":{"ngg_post_thumbnail":0,"footnotes":""},"categories":[10],"tags":[87,86],"class_list":["post-491","post","type-post","status-publish","format-standard","hentry","category-rat-und-verwaltung-informieren","tag-bundesagentur-fur-arbeit","tag-unternehmergesprach"],"_links":{"self":[{"href":"https:\/\/www.forum-soegel.de\/information\/wp-json\/wp\/v2\/posts\/491","targetHints":{"allow":["GET"]}}],"collection":[{"href":"https:\/\/www.forum-soegel.de\/information\/wp-json\/wp\/v2\/posts"}],"about":[{"href":"https:\/\/www.forum-soegel.de\/information\/wp-json\/wp\/v2\/types\/post"}],"author":[{"embeddable":true,"href":"https:\/\/www.forum-soegel.de\/information\/wp-json\/wp\/v2\/users\/2"}],"replies":[{"embeddable":true,"href":"https:\/\/www.forum-soegel.de\/information\/wp-json\/wp\/v2\/comments?post=491"}],"version-history":[{"count":1,"href":"https:\/\/www.forum-soegel.de\/information\/wp-json\/wp\/v2\/posts\/491\/revisions"}],"predecessor-version":[{"id":492,"href":"https:\/\/www.forum-soegel.de\/information\/wp-json\/wp\/v2\/posts\/491\/revisions\/492"}],"wp:attachment":[{"href":"https:\/\/www.forum-soegel.de\/information\/wp-json\/wp\/v2\/media?parent=491"}],"wp:term":[{"taxonomy":"category","embeddable":true,"href":"https:\/\/www.forum-soegel.de\/information\/wp-json\/wp\/v2\/categories?post=491"},{"taxonomy":"post_tag","embeddable":true,"href":"https:\/\/www.forum-soegel.de\/information\/wp-json\/wp\/v2\/tags?post=491"}],"curies":[{"name":"wp","href":"https:\/\/api.w.org\/{rel}","templated":true}]}}