{"id":4901,"date":"2011-05-01T00:35:37","date_gmt":"2011-04-30T22:35:37","guid":{"rendered":"https:\/\/www.forum-soegel.de\/information\/?p=4901"},"modified":"2011-04-29T20:36:29","modified_gmt":"2011-04-29T18:36:29","slug":"fahrt-nach-norg","status":"publish","type":"post","link":"https:\/\/www.forum-soegel.de\/information\/2011\/05\/fahrt-nach-norg\/","title":{"rendered":"Fahrt nach Norg"},"content":{"rendered":"<p>Die Resonanz auf die Bitte an die S\u00f6geler K\u00fcnstler, an einer Ausstellung in Norg teilzunehmen, war au\u00dferordentlich gro\u00df. 18 K\u00fcnstlerinnen und K\u00fcnstler werden ein buntes Potpourri an Werken in Norg vorstellen. Der Termin der Ausstellung ist am\u00a0 <strong>Sonntag, dem 5. Juni<\/strong>. Abfahrt beim Rathaus: 12 Uhr, bei Ankunft in Veenhuizen\/Norg gibt es ein Kuchenbuffet, anschlie\u00dfend wird gegen 14.30 Uhr die Ausstellung mit einem kleinen Festakt er\u00f6ffnet. Es besteht dann noch die Gelegenheit, den idyllischen Ort mit seiner Glasbl\u00e4serei und dem interessanten Gef\u00e4ngnismuseum kennenzulernen. Die gemeinsame Heimfahrt erfolgt um 18 Uhr.<\/p>\n<p>Anmeldungen f\u00fcr die Fahrt k\u00f6nnen bereits an die Samtgemeinde S\u00f6gel, Herr Kerssens 05952\/206117 oder Frau Cloppenburg 05952\/206215 gerichtet werden.<\/p>\n","protected":false},"excerpt":{"rendered":"Die Resonanz auf die Bitte an die S\u00f6geler K\u00fcnstler, an einer Ausstellung in Norg teilzunehmen, war au\u00dferordentlich gro\u00df. 18 K\u00fcnstlerinnen und K\u00fcnstler werden ein buntes Potpourri an Werken in Norg vorstellen. Der Termin der Ausstellung ist am\u00a0 Sonntag, dem 5. Juni. Abfahrt beim Rathaus: 12 Uhr, bei Ankunft in Veenhuizen\/Norg gibt es ein Kuchenbuffet, anschlie\u00dfend [&hellip;]\n","protected":false},"author":2,"featured_media":0,"comment_status":"closed","ping_status":"closed","sticky":false,"template":"","format":"standard","meta":{"ngg_post_thumbnail":0,"footnotes":""},"categories":[10],"tags":[],"class_list":["post-4901","post","type-post","status-publish","format-standard","hentry","category-rat-und-verwaltung-informieren"],"_links":{"self":[{"href":"https:\/\/www.forum-soegel.de\/information\/wp-json\/wp\/v2\/posts\/4901","targetHints":{"allow":["GET"]}}],"collection":[{"href":"https:\/\/www.forum-soegel.de\/information\/wp-json\/wp\/v2\/posts"}],"about":[{"href":"https:\/\/www.forum-soegel.de\/information\/wp-json\/wp\/v2\/types\/post"}],"author":[{"embeddable":true,"href":"https:\/\/www.forum-soegel.de\/information\/wp-json\/wp\/v2\/users\/2"}],"replies":[{"embeddable":true,"href":"https:\/\/www.forum-soegel.de\/information\/wp-json\/wp\/v2\/comments?post=4901"}],"version-history":[{"count":1,"href":"https:\/\/www.forum-soegel.de\/information\/wp-json\/wp\/v2\/posts\/4901\/revisions"}],"predecessor-version":[{"id":4902,"href":"https:\/\/www.forum-soegel.de\/information\/wp-json\/wp\/v2\/posts\/4901\/revisions\/4902"}],"wp:attachment":[{"href":"https:\/\/www.forum-soegel.de\/information\/wp-json\/wp\/v2\/media?parent=4901"}],"wp:term":[{"taxonomy":"category","embeddable":true,"href":"https:\/\/www.forum-soegel.de\/information\/wp-json\/wp\/v2\/categories?post=4901"},{"taxonomy":"post_tag","embeddable":true,"href":"https:\/\/www.forum-soegel.de\/information\/wp-json\/wp\/v2\/tags?post=4901"}],"curies":[{"name":"wp","href":"https:\/\/api.w.org\/{rel}","templated":true}]}}