{"id":4899,"date":"2011-05-01T00:34:43","date_gmt":"2011-04-30T22:34:43","guid":{"rendered":"https:\/\/www.forum-soegel.de\/information\/?p=4899"},"modified":"2011-04-29T20:35:28","modified_gmt":"2011-04-29T18:35:28","slug":"ausstellung-im-ludmillenhof-13","status":"publish","type":"post","link":"https:\/\/www.forum-soegel.de\/information\/2011\/05\/ausstellung-im-ludmillenhof-13\/","title":{"rendered":"Ausstellung im Ludmillenhof"},"content":{"rendered":"<p>Am 20. M\u00e4rz wurde die Ausstellung \u201eBildwelten vs Weltenbilder\u201c mit Werken von Gerold Oltrogge aus F\u00fcrstenau er\u00f6ffnet. Diese Ausstellung kann bis Ende Juni im Rathaus zu den regul\u00e4ren \u00d6ffnungszeiten besichtigt werden.<\/p>\n","protected":false},"excerpt":{"rendered":"Am 20. M\u00e4rz wurde die Ausstellung \u201eBildwelten vs Weltenbilder\u201c mit Werken von Gerold Oltrogge aus F\u00fcrstenau er\u00f6ffnet. Diese Ausstellung kann bis Ende Juni im Rathaus zu den regul\u00e4ren \u00d6ffnungszeiten besichtigt werden.\n","protected":false},"author":2,"featured_media":0,"comment_status":"closed","ping_status":"closed","sticky":false,"template":"","format":"standard","meta":{"ngg_post_thumbnail":0,"footnotes":""},"categories":[10],"tags":[],"class_list":["post-4899","post","type-post","status-publish","format-standard","hentry","category-rat-und-verwaltung-informieren"],"_links":{"self":[{"href":"https:\/\/www.forum-soegel.de\/information\/wp-json\/wp\/v2\/posts\/4899","targetHints":{"allow":["GET"]}}],"collection":[{"href":"https:\/\/www.forum-soegel.de\/information\/wp-json\/wp\/v2\/posts"}],"about":[{"href":"https:\/\/www.forum-soegel.de\/information\/wp-json\/wp\/v2\/types\/post"}],"author":[{"embeddable":true,"href":"https:\/\/www.forum-soegel.de\/information\/wp-json\/wp\/v2\/users\/2"}],"replies":[{"embeddable":true,"href":"https:\/\/www.forum-soegel.de\/information\/wp-json\/wp\/v2\/comments?post=4899"}],"version-history":[{"count":1,"href":"https:\/\/www.forum-soegel.de\/information\/wp-json\/wp\/v2\/posts\/4899\/revisions"}],"predecessor-version":[{"id":4900,"href":"https:\/\/www.forum-soegel.de\/information\/wp-json\/wp\/v2\/posts\/4899\/revisions\/4900"}],"wp:attachment":[{"href":"https:\/\/www.forum-soegel.de\/information\/wp-json\/wp\/v2\/media?parent=4899"}],"wp:term":[{"taxonomy":"category","embeddable":true,"href":"https:\/\/www.forum-soegel.de\/information\/wp-json\/wp\/v2\/categories?post=4899"},{"taxonomy":"post_tag","embeddable":true,"href":"https:\/\/www.forum-soegel.de\/information\/wp-json\/wp\/v2\/tags?post=4899"}],"curies":[{"name":"wp","href":"https:\/\/api.w.org\/{rel}","templated":true}]}}