{"id":4897,"date":"2011-05-01T00:33:01","date_gmt":"2011-04-30T22:33:01","guid":{"rendered":"https:\/\/www.forum-soegel.de\/information\/?p=4897"},"modified":"2011-04-29T20:34:35","modified_gmt":"2011-04-29T18:34:35","slug":"eilt-stille-helden-gesucht-%e2%80%93-aktion-des-landkreises-emsland","status":"publish","type":"post","link":"https:\/\/www.forum-soegel.de\/information\/2011\/05\/eilt-stille-helden-gesucht-%e2%80%93-aktion-des-landkreises-emsland\/","title":{"rendered":"EILT: Stille Helden gesucht \u2013 Aktion des Landkreises Emsland"},"content":{"rendered":"<p>Anl\u00e4sslich des Europ\u00e4ischen Jahres der Freiwilligent\u00e4tigkeit 2011 zeichnet der Landkreis Emsland erstmals mit einem Ehrenpreis die \u201estillen Helden\u201c im Ehrenamt aus. Die Vergabe des Ehrenamtspreises soll anl\u00e4sslich des Tages f\u00fcr Ehrenamtliche, der alle f\u00fcnf Jahre im Landkreis Emsland durchgef\u00fchrt wird, zuletzt 2006, in diesem Sommer stattfinden.<\/p>\n<p>Der Landkreis Emsland hat sich entschieden, in diesem Jahr zum ersten Mal einen mit 500 Euro dotierten Ehrenamtspreis zu vergeben. In den Kategorien Kultur, Sicherheit, Soziales, Sport und Umwelt k\u00f6nnen B\u00fcrger ihre pers\u00f6nlichen Favoriten vorschlagen und damit die \u201estillen Helden\u201c ein wenig in den \u00f6ffentlichen Blickpunkt r\u00fccken. Die Vorschl\u00e4ge k\u00f6nnen ab sofort bis zum 30. April im Internet unter der Adresse <a href=\"https:\/\/www.emsland.de\/\" target=\"_blank\">www.emsland.de<\/a> \u00fcber den dort angelegten Online-Fragebogen abgegeben werden. Weitere Informationen zum Ehrenamtspreis sind unter der Telefonnummer 05931\/44-1253 und der E-Mail-Adresse <a href=\"mailto:ehrenamt@emsland.de\">ehrenamt@emsland.de<\/a> erh\u00e4ltlich.<\/p>\n","protected":false},"excerpt":{"rendered":"Anl\u00e4sslich des Europ\u00e4ischen Jahres der Freiwilligent\u00e4tigkeit 2011 zeichnet der Landkreis Emsland erstmals mit einem Ehrenpreis die \u201estillen Helden\u201c im Ehrenamt aus. Die Vergabe des Ehrenamtspreises soll anl\u00e4sslich des Tages f\u00fcr Ehrenamtliche, der alle f\u00fcnf Jahre im Landkreis Emsland durchgef\u00fchrt wird, zuletzt 2006, in diesem Sommer stattfinden. Der Landkreis Emsland hat sich entschieden, in diesem Jahr [&hellip;]\n","protected":false},"author":2,"featured_media":0,"comment_status":"closed","ping_status":"closed","sticky":false,"template":"","format":"standard","meta":{"ngg_post_thumbnail":0,"footnotes":""},"categories":[10],"tags":[],"class_list":["post-4897","post","type-post","status-publish","format-standard","hentry","category-rat-und-verwaltung-informieren"],"_links":{"self":[{"href":"https:\/\/www.forum-soegel.de\/information\/wp-json\/wp\/v2\/posts\/4897","targetHints":{"allow":["GET"]}}],"collection":[{"href":"https:\/\/www.forum-soegel.de\/information\/wp-json\/wp\/v2\/posts"}],"about":[{"href":"https:\/\/www.forum-soegel.de\/information\/wp-json\/wp\/v2\/types\/post"}],"author":[{"embeddable":true,"href":"https:\/\/www.forum-soegel.de\/information\/wp-json\/wp\/v2\/users\/2"}],"replies":[{"embeddable":true,"href":"https:\/\/www.forum-soegel.de\/information\/wp-json\/wp\/v2\/comments?post=4897"}],"version-history":[{"count":1,"href":"https:\/\/www.forum-soegel.de\/information\/wp-json\/wp\/v2\/posts\/4897\/revisions"}],"predecessor-version":[{"id":4898,"href":"https:\/\/www.forum-soegel.de\/information\/wp-json\/wp\/v2\/posts\/4897\/revisions\/4898"}],"wp:attachment":[{"href":"https:\/\/www.forum-soegel.de\/information\/wp-json\/wp\/v2\/media?parent=4897"}],"wp:term":[{"taxonomy":"category","embeddable":true,"href":"https:\/\/www.forum-soegel.de\/information\/wp-json\/wp\/v2\/categories?post=4897"},{"taxonomy":"post_tag","embeddable":true,"href":"https:\/\/www.forum-soegel.de\/information\/wp-json\/wp\/v2\/tags?post=4897"}],"curies":[{"name":"wp","href":"https:\/\/api.w.org\/{rel}","templated":true}]}}