{"id":4895,"date":"2011-05-01T00:31:52","date_gmt":"2011-04-30T22:31:52","guid":{"rendered":"https:\/\/www.forum-soegel.de\/information\/?p=4895"},"modified":"2011-04-29T20:32:53","modified_gmt":"2011-04-29T18:32:53","slug":"niedersachsisches-qualitatssiegel-fur-sicheres-wohnen","status":"publish","type":"post","link":"https:\/\/www.forum-soegel.de\/information\/2011\/05\/niedersachsisches-qualitatssiegel-fur-sicheres-wohnen\/","title":{"rendered":"Nieders\u00e4chsisches Qualit\u00e4tssiegel f\u00fcr sicheres Wohnen"},"content":{"rendered":"<p>Ab sofort k\u00f6nnen sich Wohnungsunternehmen, private Hauseigent\u00fcmer und Eigent\u00fcmergemeinschaften in Niedersachsen um ein Zertifikat f\u00fcr ihre Wohnobjekte und Wohnanlagen bewerben. Weitere Informationen und die Bewerbungsunterlagen sind auch zum Download unter www.sicherheit-staedtebau.de eingestellt oder im Fachbereich \u201eBauwesen\u201c bei der Samtgemeinde S\u00f6gel erh\u00e4ltlich.<\/p>\n","protected":false},"excerpt":{"rendered":"Ab sofort k\u00f6nnen sich Wohnungsunternehmen, private Hauseigent\u00fcmer und Eigent\u00fcmergemeinschaften in Niedersachsen um ein Zertifikat f\u00fcr ihre Wohnobjekte und Wohnanlagen bewerben. Weitere Informationen und die Bewerbungsunterlagen sind auch zum Download unter www.sicherheit-staedtebau.de eingestellt oder im Fachbereich \u201eBauwesen\u201c bei der Samtgemeinde S\u00f6gel erh\u00e4ltlich.\n","protected":false},"author":2,"featured_media":0,"comment_status":"closed","ping_status":"closed","sticky":false,"template":"","format":"standard","meta":{"ngg_post_thumbnail":0,"footnotes":""},"categories":[10],"tags":[],"class_list":["post-4895","post","type-post","status-publish","format-standard","hentry","category-rat-und-verwaltung-informieren"],"_links":{"self":[{"href":"https:\/\/www.forum-soegel.de\/information\/wp-json\/wp\/v2\/posts\/4895","targetHints":{"allow":["GET"]}}],"collection":[{"href":"https:\/\/www.forum-soegel.de\/information\/wp-json\/wp\/v2\/posts"}],"about":[{"href":"https:\/\/www.forum-soegel.de\/information\/wp-json\/wp\/v2\/types\/post"}],"author":[{"embeddable":true,"href":"https:\/\/www.forum-soegel.de\/information\/wp-json\/wp\/v2\/users\/2"}],"replies":[{"embeddable":true,"href":"https:\/\/www.forum-soegel.de\/information\/wp-json\/wp\/v2\/comments?post=4895"}],"version-history":[{"count":1,"href":"https:\/\/www.forum-soegel.de\/information\/wp-json\/wp\/v2\/posts\/4895\/revisions"}],"predecessor-version":[{"id":4896,"href":"https:\/\/www.forum-soegel.de\/information\/wp-json\/wp\/v2\/posts\/4895\/revisions\/4896"}],"wp:attachment":[{"href":"https:\/\/www.forum-soegel.de\/information\/wp-json\/wp\/v2\/media?parent=4895"}],"wp:term":[{"taxonomy":"category","embeddable":true,"href":"https:\/\/www.forum-soegel.de\/information\/wp-json\/wp\/v2\/categories?post=4895"},{"taxonomy":"post_tag","embeddable":true,"href":"https:\/\/www.forum-soegel.de\/information\/wp-json\/wp\/v2\/tags?post=4895"}],"curies":[{"name":"wp","href":"https:\/\/api.w.org\/{rel}","templated":true}]}}