{"id":4893,"date":"2011-05-01T00:30:53","date_gmt":"2011-04-30T22:30:53","guid":{"rendered":"https:\/\/www.forum-soegel.de\/information\/?p=4893"},"modified":"2011-04-29T20:31:42","modified_gmt":"2011-04-29T18:31:42","slug":"eurovision-song-contest-public-viewing-auf-dem-marktplatz","status":"publish","type":"post","link":"https:\/\/www.forum-soegel.de\/information\/2011\/05\/eurovision-song-contest-public-viewing-auf-dem-marktplatz\/","title":{"rendered":"Eurovision Song Contest: Public Viewing auf dem Marktplatz"},"content":{"rendered":"<p>Mit dem Eurovision Song Contest geht am 14. Mai in D\u00fcsseldorf das gr\u00f6\u00dfte Musikereignis Europas mit Teilnehmern aus 43 L\u00e4ndern \u00fcber die B\u00fchne. Bereits in der Woche vor dem Wettbewerb werden mehrere deutsche Fernsehanstalten t\u00e4glich Sondersendungen ausstrahlen. Am Samstag, 14. Mai, werden 120 Millionen Zuschauer das Ereignis via TV verfolgen. In S\u00f6gel plant das Jugendzentrum unter Leitung von Wolfgang Knese eine \u00dcbertragung des Musikwettbewerbes auf der LED-Wand am Marktplatz. Der Eintritt ist frei.<\/p>\n","protected":false},"excerpt":{"rendered":"Mit dem Eurovision Song Contest geht am 14. Mai in D\u00fcsseldorf das gr\u00f6\u00dfte Musikereignis Europas mit Teilnehmern aus 43 L\u00e4ndern \u00fcber die B\u00fchne. Bereits in der Woche vor dem Wettbewerb werden mehrere deutsche Fernsehanstalten t\u00e4glich Sondersendungen ausstrahlen. Am Samstag, 14. Mai, werden 120 Millionen Zuschauer das Ereignis via TV verfolgen. In S\u00f6gel plant das Jugendzentrum [&hellip;]\n","protected":false},"author":2,"featured_media":0,"comment_status":"closed","ping_status":"closed","sticky":false,"template":"","format":"standard","meta":{"ngg_post_thumbnail":0,"footnotes":""},"categories":[10],"tags":[],"class_list":["post-4893","post","type-post","status-publish","format-standard","hentry","category-rat-und-verwaltung-informieren"],"_links":{"self":[{"href":"https:\/\/www.forum-soegel.de\/information\/wp-json\/wp\/v2\/posts\/4893","targetHints":{"allow":["GET"]}}],"collection":[{"href":"https:\/\/www.forum-soegel.de\/information\/wp-json\/wp\/v2\/posts"}],"about":[{"href":"https:\/\/www.forum-soegel.de\/information\/wp-json\/wp\/v2\/types\/post"}],"author":[{"embeddable":true,"href":"https:\/\/www.forum-soegel.de\/information\/wp-json\/wp\/v2\/users\/2"}],"replies":[{"embeddable":true,"href":"https:\/\/www.forum-soegel.de\/information\/wp-json\/wp\/v2\/comments?post=4893"}],"version-history":[{"count":1,"href":"https:\/\/www.forum-soegel.de\/information\/wp-json\/wp\/v2\/posts\/4893\/revisions"}],"predecessor-version":[{"id":4894,"href":"https:\/\/www.forum-soegel.de\/information\/wp-json\/wp\/v2\/posts\/4893\/revisions\/4894"}],"wp:attachment":[{"href":"https:\/\/www.forum-soegel.de\/information\/wp-json\/wp\/v2\/media?parent=4893"}],"wp:term":[{"taxonomy":"category","embeddable":true,"href":"https:\/\/www.forum-soegel.de\/information\/wp-json\/wp\/v2\/categories?post=4893"},{"taxonomy":"post_tag","embeddable":true,"href":"https:\/\/www.forum-soegel.de\/information\/wp-json\/wp\/v2\/tags?post=4893"}],"curies":[{"name":"wp","href":"https:\/\/api.w.org\/{rel}","templated":true}]}}