{"id":4891,"date":"2011-05-01T00:30:07","date_gmt":"2011-04-30T22:30:07","guid":{"rendered":"https:\/\/www.forum-soegel.de\/information\/?p=4891"},"modified":"2011-04-29T20:30:46","modified_gmt":"2011-04-29T18:30:46","slug":"ortskernsanierung-sogel-%e2%80%93-musterausstellung","status":"publish","type":"post","link":"https:\/\/www.forum-soegel.de\/information\/2011\/05\/ortskernsanierung-sogel-%e2%80%93-musterausstellung\/","title":{"rendered":"Ortskernsanierung S\u00f6gel \u2013 Musterausstellung"},"content":{"rendered":"<p>In der ersten Maiwoche plant die Gemeinde S\u00f6gel eine \u201eMusterausstellung\u201c von verschiedenen Pflastermaterialen f\u00fcr die Gestaltung des Ortskerns. Pr\u00e4sentiert werden unterschiedliche Pflasterformate und Farbkombinationen. Mit der Musterausstellung m\u00f6chte der Gemeinderat die B\u00fcrger auch in dieser Detailfrage in die Planung der Ortskernsanierung einbeziehen.<\/p>\n","protected":false},"excerpt":{"rendered":"In der ersten Maiwoche plant die Gemeinde S\u00f6gel eine \u201eMusterausstellung\u201c von verschiedenen Pflastermaterialen f\u00fcr die Gestaltung des Ortskerns. Pr\u00e4sentiert werden unterschiedliche Pflasterformate und Farbkombinationen. Mit der Musterausstellung m\u00f6chte der Gemeinderat die B\u00fcrger auch in dieser Detailfrage in die Planung der Ortskernsanierung einbeziehen.\n","protected":false},"author":2,"featured_media":0,"comment_status":"closed","ping_status":"closed","sticky":false,"template":"","format":"standard","meta":{"ngg_post_thumbnail":0,"footnotes":""},"categories":[10],"tags":[],"class_list":["post-4891","post","type-post","status-publish","format-standard","hentry","category-rat-und-verwaltung-informieren"],"_links":{"self":[{"href":"https:\/\/www.forum-soegel.de\/information\/wp-json\/wp\/v2\/posts\/4891","targetHints":{"allow":["GET"]}}],"collection":[{"href":"https:\/\/www.forum-soegel.de\/information\/wp-json\/wp\/v2\/posts"}],"about":[{"href":"https:\/\/www.forum-soegel.de\/information\/wp-json\/wp\/v2\/types\/post"}],"author":[{"embeddable":true,"href":"https:\/\/www.forum-soegel.de\/information\/wp-json\/wp\/v2\/users\/2"}],"replies":[{"embeddable":true,"href":"https:\/\/www.forum-soegel.de\/information\/wp-json\/wp\/v2\/comments?post=4891"}],"version-history":[{"count":1,"href":"https:\/\/www.forum-soegel.de\/information\/wp-json\/wp\/v2\/posts\/4891\/revisions"}],"predecessor-version":[{"id":4892,"href":"https:\/\/www.forum-soegel.de\/information\/wp-json\/wp\/v2\/posts\/4891\/revisions\/4892"}],"wp:attachment":[{"href":"https:\/\/www.forum-soegel.de\/information\/wp-json\/wp\/v2\/media?parent=4891"}],"wp:term":[{"taxonomy":"category","embeddable":true,"href":"https:\/\/www.forum-soegel.de\/information\/wp-json\/wp\/v2\/categories?post=4891"},{"taxonomy":"post_tag","embeddable":true,"href":"https:\/\/www.forum-soegel.de\/information\/wp-json\/wp\/v2\/tags?post=4891"}],"curies":[{"name":"wp","href":"https:\/\/api.w.org\/{rel}","templated":true}]}}