{"id":489,"date":"2010-01-01T13:14:10","date_gmt":"2010-01-01T11:14:10","guid":{"rendered":"https:\/\/www.forum-soegel.de\/information\/?p=489"},"modified":"2010-02-21T13:15:30","modified_gmt":"2010-02-21T11:15:30","slug":"parkplatze-an-der-arche-noah","status":"publish","type":"post","link":"https:\/\/www.forum-soegel.de\/information\/2010\/01\/parkplatze-an-der-arche-noah\/","title":{"rendered":"Parkpl\u00e4tze an der Arche Noah"},"content":{"rendered":"<p>Neue Parkpl\u00e4tze sind an der ebenfalls neuen Kindertagesst\u00e4tte \u201eArche Noah\u201c in der Von-Steuben-Stra\u00dfe entstanden. Gemeinsam mit der Kindergartenleitung und dem Elternrat wurde ein Plan f\u00fcr die Gestaltung des Au\u00dfengel\u00e4ndes erarbeitet, der nun kurzfristig in die Tat umgesetzt werden soll.<\/p>\n","protected":false},"excerpt":{"rendered":"Neue Parkpl\u00e4tze sind an der ebenfalls neuen Kindertagesst\u00e4tte \u201eArche Noah\u201c in der Von-Steuben-Stra\u00dfe entstanden. Gemeinsam mit der Kindergartenleitung und dem Elternrat wurde ein Plan f\u00fcr die Gestaltung des Au\u00dfengel\u00e4ndes erarbeitet, der nun kurzfristig in die Tat umgesetzt werden soll.\n","protected":false},"author":2,"featured_media":0,"comment_status":"closed","ping_status":"closed","sticky":false,"template":"","format":"standard","meta":{"ngg_post_thumbnail":0,"footnotes":""},"categories":[10],"tags":[85],"class_list":["post-489","post","type-post","status-publish","format-standard","hentry","category-rat-und-verwaltung-informieren","tag-arche-noah"],"_links":{"self":[{"href":"https:\/\/www.forum-soegel.de\/information\/wp-json\/wp\/v2\/posts\/489","targetHints":{"allow":["GET"]}}],"collection":[{"href":"https:\/\/www.forum-soegel.de\/information\/wp-json\/wp\/v2\/posts"}],"about":[{"href":"https:\/\/www.forum-soegel.de\/information\/wp-json\/wp\/v2\/types\/post"}],"author":[{"embeddable":true,"href":"https:\/\/www.forum-soegel.de\/information\/wp-json\/wp\/v2\/users\/2"}],"replies":[{"embeddable":true,"href":"https:\/\/www.forum-soegel.de\/information\/wp-json\/wp\/v2\/comments?post=489"}],"version-history":[{"count":1,"href":"https:\/\/www.forum-soegel.de\/information\/wp-json\/wp\/v2\/posts\/489\/revisions"}],"predecessor-version":[{"id":490,"href":"https:\/\/www.forum-soegel.de\/information\/wp-json\/wp\/v2\/posts\/489\/revisions\/490"}],"wp:attachment":[{"href":"https:\/\/www.forum-soegel.de\/information\/wp-json\/wp\/v2\/media?parent=489"}],"wp:term":[{"taxonomy":"category","embeddable":true,"href":"https:\/\/www.forum-soegel.de\/information\/wp-json\/wp\/v2\/categories?post=489"},{"taxonomy":"post_tag","embeddable":true,"href":"https:\/\/www.forum-soegel.de\/information\/wp-json\/wp\/v2\/tags?post=489"}],"curies":[{"name":"wp","href":"https:\/\/api.w.org\/{rel}","templated":true}]}}