{"id":4889,"date":"2011-05-01T00:29:10","date_gmt":"2011-04-30T22:29:10","guid":{"rendered":"https:\/\/www.forum-soegel.de\/information\/?p=4889"},"modified":"2011-04-29T20:29:59","modified_gmt":"2011-04-29T18:29:59","slug":"bebauungsplan-nr-70-%e2%80%9ekreisverkehrsplatz-schlaunallee%e2%80%9c-%e2%80%93-offentliche-auslegung","status":"publish","type":"post","link":"https:\/\/www.forum-soegel.de\/information\/2011\/05\/bebauungsplan-nr-70-%e2%80%9ekreisverkehrsplatz-schlaunallee%e2%80%9c-%e2%80%93-offentliche-auslegung\/","title":{"rendered":"Bebauungsplan Nr. 70 \u201eKreisverkehrsplatz Schlaunallee\u201c \u2013 \u00f6ffentliche Auslegung"},"content":{"rendered":"<p>Der Bebauungsplan Nr. 70 \u201eKreisverkehrsplatz Schlaunallee\u201c liegt in der Zeit vom 26. April bis zum 26. Mai 2011 einschlie\u00dflich Begr\u00fcndung und Anlagen \u00f6ffentlich aus. W\u00e4hrend der Auslegungsfrist k\u00f6nnen Anregungen und Bedenken vorgebracht werden.<\/p>\n","protected":false},"excerpt":{"rendered":"Der Bebauungsplan Nr. 70 \u201eKreisverkehrsplatz Schlaunallee\u201c liegt in der Zeit vom 26. April bis zum 26. Mai 2011 einschlie\u00dflich Begr\u00fcndung und Anlagen \u00f6ffentlich aus. W\u00e4hrend der Auslegungsfrist k\u00f6nnen Anregungen und Bedenken vorgebracht werden.\n","protected":false},"author":2,"featured_media":0,"comment_status":"closed","ping_status":"closed","sticky":false,"template":"","format":"standard","meta":{"ngg_post_thumbnail":0,"footnotes":""},"categories":[10],"tags":[],"class_list":["post-4889","post","type-post","status-publish","format-standard","hentry","category-rat-und-verwaltung-informieren"],"_links":{"self":[{"href":"https:\/\/www.forum-soegel.de\/information\/wp-json\/wp\/v2\/posts\/4889","targetHints":{"allow":["GET"]}}],"collection":[{"href":"https:\/\/www.forum-soegel.de\/information\/wp-json\/wp\/v2\/posts"}],"about":[{"href":"https:\/\/www.forum-soegel.de\/information\/wp-json\/wp\/v2\/types\/post"}],"author":[{"embeddable":true,"href":"https:\/\/www.forum-soegel.de\/information\/wp-json\/wp\/v2\/users\/2"}],"replies":[{"embeddable":true,"href":"https:\/\/www.forum-soegel.de\/information\/wp-json\/wp\/v2\/comments?post=4889"}],"version-history":[{"count":1,"href":"https:\/\/www.forum-soegel.de\/information\/wp-json\/wp\/v2\/posts\/4889\/revisions"}],"predecessor-version":[{"id":4890,"href":"https:\/\/www.forum-soegel.de\/information\/wp-json\/wp\/v2\/posts\/4889\/revisions\/4890"}],"wp:attachment":[{"href":"https:\/\/www.forum-soegel.de\/information\/wp-json\/wp\/v2\/media?parent=4889"}],"wp:term":[{"taxonomy":"category","embeddable":true,"href":"https:\/\/www.forum-soegel.de\/information\/wp-json\/wp\/v2\/categories?post=4889"},{"taxonomy":"post_tag","embeddable":true,"href":"https:\/\/www.forum-soegel.de\/information\/wp-json\/wp\/v2\/tags?post=4889"}],"curies":[{"name":"wp","href":"https:\/\/api.w.org\/{rel}","templated":true}]}}