{"id":4873,"date":"2011-05-01T00:16:34","date_gmt":"2011-04-30T22:16:34","guid":{"rendered":"https:\/\/www.forum-soegel.de\/information\/?p=4873"},"modified":"2011-04-29T20:19:10","modified_gmt":"2011-04-29T18:19:10","slug":"%e2%80%9efreche-frauen%e2%80%9c-begeisterten","status":"publish","type":"post","link":"https:\/\/www.forum-soegel.de\/information\/2011\/05\/%e2%80%9efreche-frauen%e2%80%9c-begeisterten\/","title":{"rendered":"\u201eFreche Frauen\u201c begeisterten"},"content":{"rendered":"<p>\u00a0\u201eSei wie das Veilchen im Moose bescheiden, sittsam und rein. Nicht wie die stolze Rose, die immer bewundert will sein.\u201c Diesen Poesiealbumspruch haben die beiden Kabarettistinnen Usch Hollmann und Claudia Sandk\u00f6tter (\u201eFreche Frauen im Zweierpack\u201c) anl\u00e4sslich des \u201eInternationalen Tages der Frau\u201c in S\u00f6gel in die Aula des H\u00fcmmling-Gymnasiums gr\u00fcndlich untersucht. Der Spruch ist gleichfalls Titel ihres aktuellen Programms.<\/p>\n<p>Eingeladen<strong> <\/strong>hatte die Gleichstellungsbeauftragte der Samtgemeinde S\u00f6gel Annelen Abeln gemeinsam mit den Katholischen Frauengemeinschaften der Samtgemeinde. Abeln begr\u00fc\u00dfte die G\u00e4ste zu Beginn der Veranstaltung. \u201eWir sind unter uns\u201c, sagte sie angesichts der Tatsache, dass sich kein Mann in die Aula verirrt hatte.<\/p>\n<p>Hollmann und Sandk\u00f6tter nahmen ihr Publikum mit durch eine Zeitreise der 100-j\u00e4hrigen Frauengeschichte unter dem Blickwinkel der weiblichen Emanzipation. Um die Jahrhundertwende 1900 gaben noch B\u00fccher wie \u201eDas h\u00e4usliche Gl\u00fcck\u201c den damaligen Frauen Weiblichkeit kluge Ratschl\u00e4ge. Heute haben die Frauen zumeist die Zur\u00fcckhaltung eines Veilchens gegen das stolze Selbstbewusstsein der Rose eingetauscht, so die Damen. Die Kabarettistinnen hatten augenzwinkernd eine heiter\/besinnliche Collage aus eigenen und Texten ber\u00fchmter Literaten wie Tucholsky, H\u00fcsch u.v.a. zusammengestellt und sie in Form einer szenischen L\u00f6sung zu Geh\u00f6r gebracht.<br \/>\nEheliche Zwistigkeiten wurden anhand von Zitaten aus Leserbriefen an die Berliner Zeitung aus dem Jahre 1938 unter der Rubrik \u201eFragen Sie Frau Roswitha\u201c humorvoll dargestellt.<\/p>\n<p>In der zweiten Programmh\u00e4lfte waren die beiden Frauen dann in der heutigen Zeit angelangt, die aber durchaus auch ihre Probleme zu bieten habe.<\/p>\n<p>Die Zitate aus den zwei Tageb\u00fcchern eines Ehepaares machte die unterschiedliche Denkstruktur der Geschlechter deutlich. W\u00e4hrend die Ehefrau abends ihre sorgenvollen Gedanken ausf\u00fchrlich zu Papier brachte, brachte der Ehemann in zwei S\u00e4tzen alles auf dem Punkt.<\/p>\n<p>Einen Ratschlag im Gep\u00e4ck hatten die Kabarettistinnen an alle \u201etrennungswillige\u201c Frauen: \u201eWenn man die anderen M\u00e4nner besser kennt, dann gibt sich auch da das mit dem Happy-End. Habt ihr einen Mann zuhause, der so einigerma\u00dfen akzeptabel ist, dann bleibt dabei!\u201c<\/p>\n<p>Claudia Sandk\u00f6tter gab mit lebendiger Mimik den ausgew\u00e4hlten Texten zus\u00e4tzliche W\u00fcrze,<\/p>\n<p>Usch Hollmann brillierte mit perfektem Schwyzerd\u00fctsch.<\/p>\n<p>Text\/Foto: IC<\/p>\n<div id=\"attachment_4874\" style=\"width: 310px\" class=\"wp-caption alignnone\"><a href=\"https:\/\/www.forum-soegel.de\/information\/wp-content\/uploads\/2011\/04\/Freche-Frauen-I.jpg\"><img loading=\"lazy\" decoding=\"async\" aria-describedby=\"caption-attachment-4874\" class=\"size-medium wp-image-4874\" title=\"Freche Frauen I\" src=\"https:\/\/www.forum-soegel.de\/information\/wp-content\/uploads\/2011\/04\/Freche-Frauen-I-300x225.jpg\" alt=\"\" width=\"300\" height=\"225\" srcset=\"https:\/\/www.forum-soegel.de\/information\/wp-content\/uploads\/2011\/04\/Freche-Frauen-I-300x225.jpg 300w, https:\/\/www.forum-soegel.de\/information\/wp-content\/uploads\/2011\/04\/Freche-Frauen-I.jpg 1024w\" sizes=\"auto, (max-width: 300px) 100vw, 300px\" \/><\/a><p id=\"caption-attachment-4874\" class=\"wp-caption-text\">Usch Hollmann und Claudia Sandk\u00f6tter<\/p><\/div>\n<p><a href=\"https:\/\/www.forum-soegel.de\/information\/wp-content\/uploads\/2011\/04\/Freche-Frauen-III.jpg\"><img loading=\"lazy\" decoding=\"async\" class=\"alignnone size-medium wp-image-4876\" title=\"Freche Frauen III\" src=\"https:\/\/www.forum-soegel.de\/information\/wp-content\/uploads\/2011\/04\/Freche-Frauen-III-300x225.jpg\" alt=\"\" width=\"300\" height=\"225\" srcset=\"https:\/\/www.forum-soegel.de\/information\/wp-content\/uploads\/2011\/04\/Freche-Frauen-III-300x225.jpg 300w, https:\/\/www.forum-soegel.de\/information\/wp-content\/uploads\/2011\/04\/Freche-Frauen-III.jpg 1024w\" sizes=\"auto, (max-width: 300px) 100vw, 300px\" \/><\/a><\/p>\n","protected":false},"excerpt":{"rendered":"\u00a0\u201eSei wie das Veilchen im Moose bescheiden, sittsam und rein. Nicht wie die stolze Rose, die immer bewundert will sein.\u201c Diesen Poesiealbumspruch haben die beiden Kabarettistinnen Usch Hollmann und Claudia Sandk\u00f6tter (\u201eFreche Frauen im Zweierpack\u201c) anl\u00e4sslich des \u201eInternationalen Tages der Frau\u201c in S\u00f6gel in die Aula des H\u00fcmmling-Gymnasiums gr\u00fcndlich untersucht. Der Spruch ist gleichfalls Titel [&hellip;]\n","protected":false},"author":2,"featured_media":0,"comment_status":"closed","ping_status":"closed","sticky":false,"template":"","format":"standard","meta":{"ngg_post_thumbnail":0,"footnotes":""},"categories":[3],"tags":[662],"class_list":["post-4873","post","type-post","status-publish","format-standard","hentry","category-aktuelles-aus-der-region","tag-freche-frauen"],"_links":{"self":[{"href":"https:\/\/www.forum-soegel.de\/information\/wp-json\/wp\/v2\/posts\/4873","targetHints":{"allow":["GET"]}}],"collection":[{"href":"https:\/\/www.forum-soegel.de\/information\/wp-json\/wp\/v2\/posts"}],"about":[{"href":"https:\/\/www.forum-soegel.de\/information\/wp-json\/wp\/v2\/types\/post"}],"author":[{"embeddable":true,"href":"https:\/\/www.forum-soegel.de\/information\/wp-json\/wp\/v2\/users\/2"}],"replies":[{"embeddable":true,"href":"https:\/\/www.forum-soegel.de\/information\/wp-json\/wp\/v2\/comments?post=4873"}],"version-history":[{"count":1,"href":"https:\/\/www.forum-soegel.de\/information\/wp-json\/wp\/v2\/posts\/4873\/revisions"}],"predecessor-version":[{"id":4877,"href":"https:\/\/www.forum-soegel.de\/information\/wp-json\/wp\/v2\/posts\/4873\/revisions\/4877"}],"wp:attachment":[{"href":"https:\/\/www.forum-soegel.de\/information\/wp-json\/wp\/v2\/media?parent=4873"}],"wp:term":[{"taxonomy":"category","embeddable":true,"href":"https:\/\/www.forum-soegel.de\/information\/wp-json\/wp\/v2\/categories?post=4873"},{"taxonomy":"post_tag","embeddable":true,"href":"https:\/\/www.forum-soegel.de\/information\/wp-json\/wp\/v2\/tags?post=4873"}],"curies":[{"name":"wp","href":"https:\/\/api.w.org\/{rel}","templated":true}]}}