{"id":487,"date":"2010-01-01T13:12:26","date_gmt":"2010-01-01T11:12:26","guid":{"rendered":"https:\/\/www.forum-soegel.de\/information\/?p=487"},"modified":"2010-02-21T13:13:56","modified_gmt":"2010-02-21T11:13:56","slug":"bebauungsplan-nr-69-%e2%80%9eostlich-muhlenstrase%e2%80%9c","status":"publish","type":"post","link":"https:\/\/www.forum-soegel.de\/information\/2010\/01\/bebauungsplan-nr-69-%e2%80%9eostlich-muhlenstrase%e2%80%9c\/","title":{"rendered":"Bebauungsplan Nr. 69 \u201e\u00d6stlich M\u00fchlenstra\u00dfe\u201c"},"content":{"rendered":"<p>Der Verwaltungsausschuss der Gemeinde S\u00f6gel hat am 17.11.2009 die Aufstellung des Bebauungsplanes Nr. 69 \u201e\u00d6stlich M\u00fchlenstra\u00dfe\u201c beschlossen.<\/p>\n","protected":false},"excerpt":{"rendered":"Der Verwaltungsausschuss der Gemeinde S\u00f6gel hat am 17.11.2009 die Aufstellung des Bebauungsplanes Nr. 69 \u201e\u00d6stlich M\u00fchlenstra\u00dfe\u201c beschlossen.\n","protected":false},"author":2,"featured_media":0,"comment_status":"closed","ping_status":"closed","sticky":false,"template":"","format":"standard","meta":{"ngg_post_thumbnail":0,"footnotes":""},"categories":[10],"tags":[83,84],"class_list":["post-487","post","type-post","status-publish","format-standard","hentry","category-rat-und-verwaltung-informieren","tag-bebauungsplan","tag-ostlich-muhlenstr"],"_links":{"self":[{"href":"https:\/\/www.forum-soegel.de\/information\/wp-json\/wp\/v2\/posts\/487","targetHints":{"allow":["GET"]}}],"collection":[{"href":"https:\/\/www.forum-soegel.de\/information\/wp-json\/wp\/v2\/posts"}],"about":[{"href":"https:\/\/www.forum-soegel.de\/information\/wp-json\/wp\/v2\/types\/post"}],"author":[{"embeddable":true,"href":"https:\/\/www.forum-soegel.de\/information\/wp-json\/wp\/v2\/users\/2"}],"replies":[{"embeddable":true,"href":"https:\/\/www.forum-soegel.de\/information\/wp-json\/wp\/v2\/comments?post=487"}],"version-history":[{"count":1,"href":"https:\/\/www.forum-soegel.de\/information\/wp-json\/wp\/v2\/posts\/487\/revisions"}],"predecessor-version":[{"id":488,"href":"https:\/\/www.forum-soegel.de\/information\/wp-json\/wp\/v2\/posts\/487\/revisions\/488"}],"wp:attachment":[{"href":"https:\/\/www.forum-soegel.de\/information\/wp-json\/wp\/v2\/media?parent=487"}],"wp:term":[{"taxonomy":"category","embeddable":true,"href":"https:\/\/www.forum-soegel.de\/information\/wp-json\/wp\/v2\/categories?post=487"},{"taxonomy":"post_tag","embeddable":true,"href":"https:\/\/www.forum-soegel.de\/information\/wp-json\/wp\/v2\/tags?post=487"}],"curies":[{"name":"wp","href":"https:\/\/api.w.org\/{rel}","templated":true}]}}