{"id":4863,"date":"2011-05-01T00:07:29","date_gmt":"2011-04-30T22:07:29","guid":{"rendered":"https:\/\/www.forum-soegel.de\/information\/?p=4863"},"modified":"2011-04-30T12:24:46","modified_gmt":"2011-04-30T10:24:46","slug":"neue-einrichtung-der-kinder-und-jugendhilfe-hummling","status":"publish","type":"post","link":"https:\/\/www.forum-soegel.de\/information\/2011\/05\/neue-einrichtung-der-kinder-und-jugendhilfe-hummling\/","title":{"rendered":"Neue Einrichtung der Kinder- und Jugendhilfe H\u00fcmmling"},"content":{"rendered":"<p><strong>schlie\u00dft eine L\u00fccke in der Mutter-Kind-Betreuung.<\/strong><\/p>\n<p>Bereits im August diesen Jahres soll das neue Mutterkindhaus der Stiftung Kinder- und Jugendhilfe H\u00fcmmling in der von-Steuben-Stra\u00dfe\/ Ecke M\u00fchlenstra\u00dfe eingeweiht werden. Das 700 000 Euro teure Projekt, das mit 234 000 Euro durch die ARD-Fernsehlotterie \u201eEin Platz an der Sonne\u201c gef\u00f6rdert wird, soll 4 Wohneinheiten f\u00fcr minderj\u00e4hrige M\u00fctter mit ihren Kindern beherbergen. Neben eigenem Schlaf- und Wohnbereich, einem Kinderzimmer und einem eigenen Bad stehen den Bewohnern in dem sternf\u00f6rmigen Neubau eine gemeinsame K\u00fcche, ein Esszimmer und ein Gemeinschaftsraum zur Verf\u00fcgung. Au\u00dferdem sind die B\u00fcros und ein Schlafbereich f\u00fcr die vier p\u00e4dagogischen Mitarbeiter in dem Haus untergebracht.<\/p>\n<p>Die 1980 als gemeinn\u00fctzig anerkannter eingetragener Verein gegr\u00fcndete Stiftung Kinder- und Jugendhilfe H\u00fcmmling ist ein dezentraler Jugendverbund, dessen Ziel \u201edie Unterst\u00fctzung und St\u00e4rkung der Familie beziehungsweise des einzelnen unter besonderer Ber\u00fccksichtigung der sozialen, p\u00e4dagogischen und \u00f6konomischen Ressourcen und unter Einbeziehung des Systems Familie in das erweiterte soziale Umfeld\u201c ist. Dabei wird station\u00e4re und ambulante Hilfe angeboten.<\/p>\n<p>In einer Wohngruppe f\u00fcr zehn Kinder und Jugendliche ab dem schulpflichtigen Alter und in einer Jugendwohngemeinschaft f\u00fcr Jugendliche ab 16 Jahren werden Menschen betreut, die aus einem schwierigen sozialen Umfeld stammen oder Verhaltensst\u00f6rungen oder -auff\u00e4lligkeiten aufweisen. Die p\u00e4dagogischen Mitarbeiter geben den Bewohnern Hilfestellung auf ihrem Weg in ein selbstst\u00e4ndiges und eigenverantwortliches Leben. Neben diesen in Werlte bestehenden station\u00e4ren Einrichtungen arbeitet die Kinder- und Jugendhilfe auch gezielt bei und in den Familien. So werden Eltern von Kindern mit aggressiven und gewaltbereitem Verhaltensmuster systemisch gecoacht oder in der \u201eMultifamilientherapie\u201c mit anderen Familien, die \u00e4hnliche Probleme haben, in Kontakt gebracht.<\/p>\n<p>Das neue Mutterkindhaus erweitert nun den station\u00e4ren Bereich der Kinder- und Jugendhilfe um eine neue Zielgruppe. Junge und werdende M\u00fctter ab 12 Jahren sollen 24 Stunden betreut werden, um vor allem in der Phase unmittelbar vor der Geburt ein hohes Ma\u00df an Sicherheit zu gew\u00e4hrleisten. Nach der Geburt werden unter Einbeziehung des sozialen Umfelds und der Orientierung an den \u201ealtersentsprechenden Entwicklungsanforderungen und Bed\u00fcrfnissen der jugendlichen M\u00fctter\u201c berufliche und pers\u00f6nliche Perspektiven erarbeitet. Voraussetzung f\u00fcr die Aufnahme in das Mutterkindhaus ist die freiwillige Entscheidung f\u00fcr das Leben in der Einrichtung und die Motivation und das Engagement zur Mitarbeit. Vorab findet deshalb ein Besuch im Haus statt, um einen ersten Einblick zu gew\u00e4hren. Zudem werden zwei Gespr\u00e4che gef\u00fchrt, die der Information und der Entscheidungshilfe f\u00fcr die junge Mutter dienen.<\/p>\n<p>Im Rahmen der Mutter-Kind-Hilfe ist auch eine Nachbetreuung m\u00f6glich, die den Einstieg in eigenes Leben erleichtern und den in der Einrichtung eingeschlagenen Weg begleiten und festigen sollen. Das Ende der Hilfsma\u00dfnahme wird von allen haupts\u00e4chlich an der Betreuung Beteiligten beschlossen, wobei wie auch beim Beginn der Hilfe darauf Wert gelegt wird, diesen Prozess \u201epositiv zu gestalten\u201c.<\/p>\n<p>Text: JB Foto: KS<\/p>\n<div id=\"attachment_4864\" style=\"width: 310px\" class=\"wp-caption alignnone\"><a href=\"https:\/\/www.forum-soegel.de\/information\/wp-content\/uploads\/2011\/04\/Neue-Einrichtung-der-.jpg\"><img loading=\"lazy\" decoding=\"async\" aria-describedby=\"caption-attachment-4864\" class=\"size-medium wp-image-4864\" title=\"Neue Einrichtung der\" src=\"https:\/\/www.forum-soegel.de\/information\/wp-content\/uploads\/2011\/04\/Neue-Einrichtung-der--300x225.jpg\" alt=\"\" width=\"300\" height=\"225\" srcset=\"https:\/\/www.forum-soegel.de\/information\/wp-content\/uploads\/2011\/04\/Neue-Einrichtung-der--300x225.jpg 300w, https:\/\/www.forum-soegel.de\/information\/wp-content\/uploads\/2011\/04\/Neue-Einrichtung-der-.jpg 1024w\" sizes=\"auto, (max-width: 300px) 100vw, 300px\" \/><\/a><p id=\"caption-attachment-4864\" class=\"wp-caption-text\">Der Vorstand von links : Heinz Willoh, Jose Teixeira, Edeltraud Steinbild, Manfred Thiel und der Vorsitzende Paul Hilbers.<\/p><\/div>\n<p><a href=\"https:\/\/www.forum-soegel.de\/information\/wp-content\/uploads\/2011\/05\/Weinprobe.jpg\"><img loading=\"lazy\" decoding=\"async\" class=\"alignnone size-thumbnail wp-image-5052\" title=\"Weinprobe\" src=\"https:\/\/www.forum-soegel.de\/information\/wp-content\/uploads\/2011\/05\/Weinprobe-150x150.jpg\" alt=\"\" width=\"150\" height=\"150\" \/><\/a>\u00a0 <a href=\"https:\/\/www.forum-soegel.de\/information\/wp-content\/uploads\/2011\/05\/Ansprache-Begruessung-Herr-Hilbers.jpg\"><img loading=\"lazy\" decoding=\"async\" class=\"alignnone size-thumbnail wp-image-5053\" title=\"Ansprache-Begruessung Herr Hilbers\" src=\"https:\/\/www.forum-soegel.de\/information\/wp-content\/uploads\/2011\/05\/Ansprache-Begruessung-Herr-Hilbers-150x150.jpg\" alt=\"\" width=\"150\" height=\"150\" \/><\/a>\u00a0 <a href=\"https:\/\/www.forum-soegel.de\/information\/wp-content\/uploads\/2011\/05\/Vorstand.jpg\"><img loading=\"lazy\" decoding=\"async\" class=\"alignnone size-thumbnail wp-image-5054\" title=\"Vorstand\" src=\"https:\/\/www.forum-soegel.de\/information\/wp-content\/uploads\/2011\/05\/Vorstand-150x150.jpg\" alt=\"\" width=\"150\" height=\"150\" \/><\/a><\/p>\n","protected":false},"excerpt":{"rendered":"schlie\u00dft eine L\u00fccke in der Mutter-Kind-Betreuung. Bereits im August diesen Jahres soll das neue Mutterkindhaus der Stiftung Kinder- und Jugendhilfe H\u00fcmmling in der von-Steuben-Stra\u00dfe\/ Ecke M\u00fchlenstra\u00dfe eingeweiht werden. Das 700 000 Euro teure Projekt, das mit 234 000 Euro durch die ARD-Fernsehlotterie \u201eEin Platz an der Sonne\u201c gef\u00f6rdert wird, soll 4 Wohneinheiten f\u00fcr minderj\u00e4hrige M\u00fctter [&hellip;]\n","protected":false},"author":2,"featured_media":0,"comment_status":"closed","ping_status":"closed","sticky":false,"template":"","format":"standard","meta":{"ngg_post_thumbnail":0,"footnotes":""},"categories":[3],"tags":[352],"class_list":["post-4863","post","type-post","status-publish","format-standard","hentry","category-aktuelles-aus-der-region","tag-kinder-und-jugendhilfe"],"_links":{"self":[{"href":"https:\/\/www.forum-soegel.de\/information\/wp-json\/wp\/v2\/posts\/4863","targetHints":{"allow":["GET"]}}],"collection":[{"href":"https:\/\/www.forum-soegel.de\/information\/wp-json\/wp\/v2\/posts"}],"about":[{"href":"https:\/\/www.forum-soegel.de\/information\/wp-json\/wp\/v2\/types\/post"}],"author":[{"embeddable":true,"href":"https:\/\/www.forum-soegel.de\/information\/wp-json\/wp\/v2\/users\/2"}],"replies":[{"embeddable":true,"href":"https:\/\/www.forum-soegel.de\/information\/wp-json\/wp\/v2\/comments?post=4863"}],"version-history":[{"count":4,"href":"https:\/\/www.forum-soegel.de\/information\/wp-json\/wp\/v2\/posts\/4863\/revisions"}],"predecessor-version":[{"id":5055,"href":"https:\/\/www.forum-soegel.de\/information\/wp-json\/wp\/v2\/posts\/4863\/revisions\/5055"}],"wp:attachment":[{"href":"https:\/\/www.forum-soegel.de\/information\/wp-json\/wp\/v2\/media?parent=4863"}],"wp:term":[{"taxonomy":"category","embeddable":true,"href":"https:\/\/www.forum-soegel.de\/information\/wp-json\/wp\/v2\/categories?post=4863"},{"taxonomy":"post_tag","embeddable":true,"href":"https:\/\/www.forum-soegel.de\/information\/wp-json\/wp\/v2\/tags?post=4863"}],"curies":[{"name":"wp","href":"https:\/\/api.w.org\/{rel}","templated":true}]}}