{"id":4856,"date":"2011-05-01T00:01:53","date_gmt":"2011-04-30T22:01:53","guid":{"rendered":"https:\/\/www.forum-soegel.de\/information\/?p=4856"},"modified":"2011-04-29T20:03:24","modified_gmt":"2011-04-29T18:03:24","slug":"zusammen-leben-%e2%80%93-theater-und-ideen-fur-gros-und-klein","status":"publish","type":"post","link":"https:\/\/www.forum-soegel.de\/information\/2011\/05\/zusammen-leben-%e2%80%93-theater-und-ideen-fur-gros-und-klein\/","title":{"rendered":"Zusammen leben \u2013 Theater und Ideen f\u00fcr Gro\u00df und Klein"},"content":{"rendered":"<p>\u00a0\u201eDas kleine ich bin ich\u201c, so hei\u00dft ein kleines musikalisches Theaterst\u00fcck, welches als Teil der Veranstaltung \u201eZusammen leben \u2013 Musik, Ideen, Theater zum Welt-Down-Syndrom Tag\u201c der Katholischen Erwachsenenbildung am vergangenen Wochenende in der vollbesetzten Aula des H\u00fcmmling-Gymnasiums aufgef\u00fchrt wurde. Mit stehenden Ovationen und anhaltendem Applaus belohnten die mehr als 500 Besucher den Einsatz der Mitspieler sowie der Organisatoren.<\/p>\n<p>Das Theaterst\u00fcck wurde von 44 Jungen und M\u00e4dchen, behindert und nicht behindert, im Alter von drei bis 14 Jahren vorgetragen. Quintessenz des St\u00fcckes ist es, dass jeder Mensch individuell ist oder jeder seinen eigenen Wert hat.<\/p>\n<p>Initiiert wurde dieser Tag vom KEB \u2013 Arbeitskreis \u201eEinander helfen \u2013 Kinder mit Down Syndrom und ihre Familien\u201c.<\/p>\n<p>In einer vorhergehenden Musik-Theater-Werkstatt hatten die Bildungsreferentinnen Stefanie Schmidt und Christine Sch\u00fctte des Marstall Clemenswerth zusammen mit weiteren Eltern aus dem Arbeitskreis im Vorfeld mit den Kindern die Theater- und Gesangsszenen einge\u00fcbt. F\u00fcr den Bau der Kulissen stellten sich freiwillig einige Eltern zur Verf\u00fcgung. Mit viel Fantasie und Ideenreichtum entstand so rund um das Theaterprojekt der jeweils passende Szenenhintergrund. Andrea Wassenberg entwickelte mit weiteren Kindern ein zum St\u00fcck passendes Instrumentenspiel.<\/p>\n<p>Marstall-Bildungsreferentin Christine Sch\u00fctte beobachtete: \u201eEs ist ein sch\u00f6nes Zeichen, dass viele Kinder keine Ber\u00fchrungs\u00e4ngste gezeigt und sich f\u00fcr das Mitwirken am Musical gemeldet haben.\u201c Das Miteinander von Menschen mit und ohne Behinderungen wurde dadurch selbstverst\u00e4ndlich.<\/p>\n<p>Das Besondere am Theater-Projekt ist das gemeinsame Arbeiten von Kindern mit und ohne Behinderungen. \u201eWir wollen durch die Veranstaltung die Notwendigkeit und die M\u00f6glichkeit einer wesentlich st\u00e4rkeren Einbeziehung von Menschen mit geistigen Behinderungen, insbesondere des Down-Syndroms, in unser normales Bildungs- und Ausbildungssystem sowie in die Arbeitswelt verdeutlichen\u201c, erkl\u00e4rt Rita Lammers vom KEB Arbeitskreis \u201aEinander helfen\u2019.<\/p>\n<p>Als weiteren Programmpunkt griff Achim Ciolek von der \u201eHamburger Arbeitsassistenz\u201c im Rahmen der Veranstaltung die Frage nach Integrationsm\u00f6glichkeiten von Menschen mit Down-Syndrom in den ersten Arbeitsmarkt auf. Anhand zahlreicher konkreter Beispiele zeigte er damit, dass sich auch im Bereich beruflicher Perspektiven von Menschen mit dem Down-Syndrom noch mehr bewegen l\u00e4sst und bewegt werden muss.<\/p>\n<p>Der Rahmen der Veranstaltung war gepr\u00e4gt von der fetzigen Musik der\u00a0 FED-Band des St.-Lukas-Heims aus Papenburg, die ebenfalls mit gro\u00dfem Applaus bedacht wurden. Viele Besucher nutzen im Anschluss die Gelegenheit zur Information, zum St\u00f6bern im aufgebauten B\u00fcchermarkt und zum Gespr\u00e4ch im Foyer.<\/p>\n<p>Text\/Foto: IC<\/p>\n<p><a href=\"https:\/\/www.forum-soegel.de\/information\/wp-content\/uploads\/2011\/04\/Das-kleine-ich-bin-ich-I.jpg\"><img loading=\"lazy\" decoding=\"async\" class=\"alignnone size-thumbnail wp-image-4857\" title=\"Das kleine ich bin ich I\" src=\"https:\/\/www.forum-soegel.de\/information\/wp-content\/uploads\/2011\/04\/Das-kleine-ich-bin-ich-I-150x150.jpg\" alt=\"\" width=\"150\" height=\"150\" \/><\/a>\u00a0 <a href=\"https:\/\/www.forum-soegel.de\/information\/wp-content\/uploads\/2011\/04\/das-kleine-ich2.jpg\"><img loading=\"lazy\" decoding=\"async\" class=\"alignnone size-thumbnail wp-image-4858\" title=\"das kleine ich2\" src=\"https:\/\/www.forum-soegel.de\/information\/wp-content\/uploads\/2011\/04\/das-kleine-ich2-150x150.jpg\" alt=\"\" width=\"150\" height=\"150\" \/><\/a><\/p>\n","protected":false},"excerpt":{"rendered":"\u00a0\u201eDas kleine ich bin ich\u201c, so hei\u00dft ein kleines musikalisches Theaterst\u00fcck, welches als Teil der Veranstaltung \u201eZusammen leben \u2013 Musik, Ideen, Theater zum Welt-Down-Syndrom Tag\u201c der Katholischen Erwachsenenbildung am vergangenen Wochenende in der vollbesetzten Aula des H\u00fcmmling-Gymnasiums aufgef\u00fchrt wurde. Mit stehenden Ovationen und anhaltendem Applaus belohnten die mehr als 500 Besucher den Einsatz der Mitspieler [&hellip;]\n","protected":false},"author":2,"featured_media":0,"comment_status":"closed","ping_status":"closed","sticky":false,"template":"","format":"standard","meta":{"ngg_post_thumbnail":0,"footnotes":""},"categories":[3],"tags":[],"class_list":["post-4856","post","type-post","status-publish","format-standard","hentry","category-aktuelles-aus-der-region"],"_links":{"self":[{"href":"https:\/\/www.forum-soegel.de\/information\/wp-json\/wp\/v2\/posts\/4856","targetHints":{"allow":["GET"]}}],"collection":[{"href":"https:\/\/www.forum-soegel.de\/information\/wp-json\/wp\/v2\/posts"}],"about":[{"href":"https:\/\/www.forum-soegel.de\/information\/wp-json\/wp\/v2\/types\/post"}],"author":[{"embeddable":true,"href":"https:\/\/www.forum-soegel.de\/information\/wp-json\/wp\/v2\/users\/2"}],"replies":[{"embeddable":true,"href":"https:\/\/www.forum-soegel.de\/information\/wp-json\/wp\/v2\/comments?post=4856"}],"version-history":[{"count":1,"href":"https:\/\/www.forum-soegel.de\/information\/wp-json\/wp\/v2\/posts\/4856\/revisions"}],"predecessor-version":[{"id":4859,"href":"https:\/\/www.forum-soegel.de\/information\/wp-json\/wp\/v2\/posts\/4856\/revisions\/4859"}],"wp:attachment":[{"href":"https:\/\/www.forum-soegel.de\/information\/wp-json\/wp\/v2\/media?parent=4856"}],"wp:term":[{"taxonomy":"category","embeddable":true,"href":"https:\/\/www.forum-soegel.de\/information\/wp-json\/wp\/v2\/categories?post=4856"},{"taxonomy":"post_tag","embeddable":true,"href":"https:\/\/www.forum-soegel.de\/information\/wp-json\/wp\/v2\/tags?post=4856"}],"curies":[{"name":"wp","href":"https:\/\/api.w.org\/{rel}","templated":true}]}}