{"id":4848,"date":"2011-05-01T19:52:00","date_gmt":"2011-05-01T17:52:00","guid":{"rendered":"https:\/\/www.forum-soegel.de\/information\/?p=4848"},"modified":"2011-04-29T19:56:23","modified_gmt":"2011-04-29T17:56:23","slug":"maler-und-zeichner-gerold-oltrogge-stellt-aus","status":"publish","type":"post","link":"https:\/\/www.forum-soegel.de\/information\/2011\/05\/maler-und-zeichner-gerold-oltrogge-stellt-aus\/","title":{"rendered":"Maler und Zeichner Gerold Oltrogge stellt aus"},"content":{"rendered":"<p>Ein Ferienmalkurs brachte dem F\u00fcrstenauer Maler und Zeichner Gerold Oltrogge vor gut 20 Jahren ein \u201eAha\u201c-Erlebnis und f\u00fchrte zur ersten intensiven Auseinandersetzung mit Farben und Papier. Oltrogges \u201eLebenswerke\u201c sind jetzt im Ludmillenhof in S\u00f6gel zu sehen<\/p>\n<p>\u00a0S\u00f6gels Samtgemeindeb\u00fcrgermeister G\u00fcnter Wigbers begr\u00fc\u00dfte zur 42. Ausstellungser\u00f6ffnung neben dem Maler Oltrogge auch Joachim Domning mit seiner Instrumentalgruppe \u201eDivertimento S\u00f6gel\u201c. Sie sorgte f\u00fcr den passenden musikalischen Rahmen bei der Vernissage. \u201eFarbenfrohe Bilder, mutige Farben bestimmen jetzt im Fr\u00fchjahr unser Rathaus, passend zur Jahreszeit\u201c, sagte Wigbers weiter und freute sich, dass sich der Ludmillenhof als stilvoller Ausstellungsort mittlerweile unter den K\u00fcnstlern \u201erumgesprochen\u201c habe. Der Titel der Ausstellung \u201eBildwelten versus Weltenbilder\u201c habe besonderen Stellenwert erhalten.<\/p>\n<p>Bei den Werken handelt es sich vorwiegend um Aquarelle und Bilder, die in Acryl, durch Mischtechniken und mit chinesischer Tusche entstanden sind. Radierungen runden die Vielfalt der \u201eBilderwelten\u201c ab. Gastredner Dr. Stefan Mendricks aus Osnabr\u00fcck erkl\u00e4rte den Besuchern der Vernissage, dass man an den ausgestellten Bildern, die verschiedenen Lebensabschnitte erkennen k\u00f6nne.<\/p>\n<p>Die Lebenslinien von GerO (die Signierung des K\u00fcnstlers) im Alter von sieben bis 70 plus seien alles andere als gerade verlaufen. Die gezeigte Retrospektive starte mit ersten Strichen aus dem eher kindlichen Weltenbild der 1940er-Jahre und ende zurzeit in der aktuellen Bilderwelt mit der reflektierten reiz\u00fcberfluteten Gegenwart. Es sei der Stil eines abstrakten Realisten erkennbar. Wie in Oltrogges bewegtem Leben pendelten die Bilder im Zickzack-Kurs zwischen schwungvoll und harmonisch. Dabei wechselten immer wieder die Maltechnik und Motivrichtungen.<\/p>\n<p>Die Ausstellung ist bis Anfang Juni w\u00e4hrend der \u00d6ffnungszeiten im Rathaus Ludmillenhof\u00a0 zu sehen.<\/p>\n<p>Text\/Foto: LB<\/p>\n<div id=\"attachment_4849\" style=\"width: 310px\" class=\"wp-caption alignnone\"><a href=\"https:\/\/www.forum-soegel.de\/information\/wp-content\/uploads\/2011\/04\/Maler-und-Zeichner-Oltrogge.jpg\"><img loading=\"lazy\" decoding=\"async\" aria-describedby=\"caption-attachment-4849\" class=\"size-medium wp-image-4849\" title=\"Maler und Zeichner Oltrogge\" src=\"https:\/\/www.forum-soegel.de\/information\/wp-content\/uploads\/2011\/04\/Maler-und-Zeichner-Oltrogge-300x225.jpg\" alt=\"\" width=\"300\" height=\"225\" srcset=\"https:\/\/www.forum-soegel.de\/information\/wp-content\/uploads\/2011\/04\/Maler-und-Zeichner-Oltrogge-300x225.jpg 300w, https:\/\/www.forum-soegel.de\/information\/wp-content\/uploads\/2011\/04\/Maler-und-Zeichner-Oltrogge.jpg 1024w\" sizes=\"auto, (max-width: 300px) 100vw, 300px\" \/><\/a><p id=\"caption-attachment-4849\" class=\"wp-caption-text\">Seine Bilderwelt zeigte der F\u00fcrstenauer Maler Gerold Oltrogge SG-B\u00fcrgermeister G\u00fcnter Wigbers.\u2002<\/p><\/div>\n","protected":false},"excerpt":{"rendered":"Ein Ferienmalkurs brachte dem F\u00fcrstenauer Maler und Zeichner Gerold Oltrogge vor gut 20 Jahren ein \u201eAha\u201c-Erlebnis und f\u00fchrte zur ersten intensiven Auseinandersetzung mit Farben und Papier. Oltrogges \u201eLebenswerke\u201c sind jetzt im Ludmillenhof in S\u00f6gel zu sehen \u00a0S\u00f6gels Samtgemeindeb\u00fcrgermeister G\u00fcnter Wigbers begr\u00fc\u00dfte zur 42. Ausstellungser\u00f6ffnung neben dem Maler Oltrogge auch Joachim Domning mit seiner Instrumentalgruppe \u201eDivertimento [&hellip;]\n","protected":false},"author":2,"featured_media":0,"comment_status":"closed","ping_status":"closed","sticky":false,"template":"","format":"standard","meta":{"ngg_post_thumbnail":0,"footnotes":""},"categories":[3],"tags":[140,660],"class_list":["post-4848","post","type-post","status-publish","format-standard","hentry","category-aktuelles-aus-der-region","tag-maler","tag-zeichner"],"_links":{"self":[{"href":"https:\/\/www.forum-soegel.de\/information\/wp-json\/wp\/v2\/posts\/4848","targetHints":{"allow":["GET"]}}],"collection":[{"href":"https:\/\/www.forum-soegel.de\/information\/wp-json\/wp\/v2\/posts"}],"about":[{"href":"https:\/\/www.forum-soegel.de\/information\/wp-json\/wp\/v2\/types\/post"}],"author":[{"embeddable":true,"href":"https:\/\/www.forum-soegel.de\/information\/wp-json\/wp\/v2\/users\/2"}],"replies":[{"embeddable":true,"href":"https:\/\/www.forum-soegel.de\/information\/wp-json\/wp\/v2\/comments?post=4848"}],"version-history":[{"count":1,"href":"https:\/\/www.forum-soegel.de\/information\/wp-json\/wp\/v2\/posts\/4848\/revisions"}],"predecessor-version":[{"id":4850,"href":"https:\/\/www.forum-soegel.de\/information\/wp-json\/wp\/v2\/posts\/4848\/revisions\/4850"}],"wp:attachment":[{"href":"https:\/\/www.forum-soegel.de\/information\/wp-json\/wp\/v2\/media?parent=4848"}],"wp:term":[{"taxonomy":"category","embeddable":true,"href":"https:\/\/www.forum-soegel.de\/information\/wp-json\/wp\/v2\/categories?post=4848"},{"taxonomy":"post_tag","embeddable":true,"href":"https:\/\/www.forum-soegel.de\/information\/wp-json\/wp\/v2\/tags?post=4848"}],"curies":[{"name":"wp","href":"https:\/\/api.w.org\/{rel}","templated":true}]}}