{"id":4815,"date":"2011-05-01T00:11:34","date_gmt":"2011-04-30T22:11:34","guid":{"rendered":"https:\/\/www.forum-soegel.de\/information\/?p=4815"},"modified":"2011-04-29T19:13:55","modified_gmt":"2011-04-29T17:13:55","slug":"die-reise-eines-esels-zu-palmsonntag","status":"publish","type":"post","link":"https:\/\/www.forum-soegel.de\/information\/2011\/05\/die-reise-eines-esels-zu-palmsonntag\/","title":{"rendered":"Die Reise eines Esels zu Palmsonntag"},"content":{"rendered":"<p>Mit dem Jesusdarsteller Lukas Schmees und dem Esel der Familie L\u00fcger vom Tierpark Eisten wurde in S\u00f6gel in der St. Jakobus Kirchengemeinde die Palmsonntagsprozession angef\u00fchrt. Nachdem der Esel in Stavern und in Ber\u00dfen seinen \u201eAuftritt\u201c hatte durfte er bei Familie Jelges in S\u00f6gel \u00fcbernachten. Auf dem Spielplatz des Familienzentrums St. Jakobus wurden die Palmzweige von Pastor Horstmann geweiht.<\/p>\n<p>Text\/Foto: Irmgard Welling<\/p>\n<p><a href=\"https:\/\/www.forum-soegel.de\/information\/wp-content\/uploads\/2011\/04\/Palmsonntag-012.jpg\"><img loading=\"lazy\" decoding=\"async\" class=\"alignnone size-thumbnail wp-image-4816\" title=\"Palmsonntag 012\" src=\"https:\/\/www.forum-soegel.de\/information\/wp-content\/uploads\/2011\/04\/Palmsonntag-012-150x150.jpg\" alt=\"\" width=\"150\" height=\"150\" \/><\/a>\u00a0 <a href=\"https:\/\/www.forum-soegel.de\/information\/wp-content\/uploads\/2011\/04\/Palmsonntag-016.jpg\"><img loading=\"lazy\" decoding=\"async\" class=\"alignnone size-thumbnail wp-image-4817\" title=\"Palmsonntag 016\" src=\"https:\/\/www.forum-soegel.de\/information\/wp-content\/uploads\/2011\/04\/Palmsonntag-016-150x150.jpg\" alt=\"\" width=\"150\" height=\"150\" \/><\/a><\/p>\n","protected":false},"excerpt":{"rendered":"Mit dem Jesusdarsteller Lukas Schmees und dem Esel der Familie L\u00fcger vom Tierpark Eisten wurde in S\u00f6gel in der St. Jakobus Kirchengemeinde die Palmsonntagsprozession angef\u00fchrt. Nachdem der Esel in Stavern und in Ber\u00dfen seinen \u201eAuftritt\u201c hatte durfte er bei Familie Jelges in S\u00f6gel \u00fcbernachten. Auf dem Spielplatz des Familienzentrums St. Jakobus wurden die Palmzweige von [&hellip;]\n","protected":false},"author":2,"featured_media":0,"comment_status":"closed","ping_status":"closed","sticky":false,"template":"","format":"standard","meta":{"ngg_post_thumbnail":0,"footnotes":""},"categories":[3],"tags":[656,655],"class_list":["post-4815","post","type-post","status-publish","format-standard","hentry","category-aktuelles-aus-der-region","tag-jerusalem","tag-palmsonntag"],"_links":{"self":[{"href":"https:\/\/www.forum-soegel.de\/information\/wp-json\/wp\/v2\/posts\/4815","targetHints":{"allow":["GET"]}}],"collection":[{"href":"https:\/\/www.forum-soegel.de\/information\/wp-json\/wp\/v2\/posts"}],"about":[{"href":"https:\/\/www.forum-soegel.de\/information\/wp-json\/wp\/v2\/types\/post"}],"author":[{"embeddable":true,"href":"https:\/\/www.forum-soegel.de\/information\/wp-json\/wp\/v2\/users\/2"}],"replies":[{"embeddable":true,"href":"https:\/\/www.forum-soegel.de\/information\/wp-json\/wp\/v2\/comments?post=4815"}],"version-history":[{"count":1,"href":"https:\/\/www.forum-soegel.de\/information\/wp-json\/wp\/v2\/posts\/4815\/revisions"}],"predecessor-version":[{"id":4818,"href":"https:\/\/www.forum-soegel.de\/information\/wp-json\/wp\/v2\/posts\/4815\/revisions\/4818"}],"wp:attachment":[{"href":"https:\/\/www.forum-soegel.de\/information\/wp-json\/wp\/v2\/media?parent=4815"}],"wp:term":[{"taxonomy":"category","embeddable":true,"href":"https:\/\/www.forum-soegel.de\/information\/wp-json\/wp\/v2\/categories?post=4815"},{"taxonomy":"post_tag","embeddable":true,"href":"https:\/\/www.forum-soegel.de\/information\/wp-json\/wp\/v2\/tags?post=4815"}],"curies":[{"name":"wp","href":"https:\/\/api.w.org\/{rel}","templated":true}]}}